{"id":65964,"date":"2024-08-19T16:49:28","date_gmt":"2024-08-19T19:49:28","guid":{"rendered":"https:\/\/sectorprensa.com.ar\/?p=65964"},"modified":"2024-08-19T16:49:29","modified_gmt":"2024-08-19T19:49:29","slug":"somos-el-pais-de-peor-performance-economica-de-america-latina","status":"publish","type":"post","link":"https:\/\/sectorprensa.com.ar\/?p=65964","title":{"rendered":"\u00abSomos el pa\u00eds de peor performance econ\u00f3mica de Am\u00e9rica Latina\u00bb"},"content":{"rendered":"\n<h6 class=\"wp-block-heading\"><strong>Carlos Bianco, Ministro de Gobierno bonaerense, expres\u00f3 su preocupaci\u00f3n ante un informe anual sobre la econom\u00eda en Latinoam\u00e9rica que indica que Argentina es el pa\u00eds con la \u00abpeor ca\u00edda de salarios\u00bb. El funcionario asegur\u00f3 que \u00abesta pel\u00edcula no tiene un final feliz\u00bb.<\/strong><\/h6>\n\n\n\n<p>Un informe anual de la Comisi\u00f3n Econ\u00f3mica para Am\u00e9rica Latina, el cual se lleva a cabo desde 1949, revel\u00f3 que Argentina tiene \u00abpeor ca\u00edda del salario promedio real\u00bb en la regi\u00f3n. En conferencia de prensa, Carlos Bianco expres\u00f3 su preocupaci\u00f3n por la estad\u00edstica y se\u00f1al\u00f3 que \u00abla historia se vuelve a repetir\u00bb. Adem\u00e1s, el Ministro de Gobierno bonaerense subray\u00f3 que \u00absomos el pa\u00eds de peor performance econ\u00f3mica de Am\u00e9rica Latina\u00bb.<\/p>\n\n\n\n<p>\u00abNada que hoy nos sorprenda, la historia se vuelve a repetir. A veces como tragedia y a veces como farsa\u00bb, indic\u00f3 Bianco y agreg\u00f3 que \u00ablejos de sorprendernos, ratifican la cat\u00e1strofe econ\u00f3mica que se est\u00e1 viviendo en nuestro pa\u00eds\u00bb.<\/p>\n\n\n\n<p>El funcionario resalt\u00f3 que \u00ablos dem\u00e1s pa\u00edses muestran mejoras en el salario\u00bb, pero expres\u00f3 que Argentina sufri\u00f3 \u00abuna reducci\u00f3n del 32,2% en el salario m\u00ednimo real\u00bb y \u00absomos el pa\u00eds de peor performance econ\u00f3mica de toda Am\u00e9rica Latina y con la peor ca\u00edda del primer trimestre de este a\u00f1o\u00bb.<\/p>\n\n\n\n<p>En el final, destac\u00f3 que tambi\u00e9n hubo una ca\u00edda del 14% en el salario promedio real, siendo la peor en Latinoam\u00e9rica. En ese contexto, manifest\u00f3: \u00abDesde la Provincia de Buenos Aires, le reclamamos, le solicitamos y le exigimos al presidente Milei y a su equipo, que cambien el rumbo de la pol\u00edtica econ\u00f3mica en Argentina, porque nos est\u00e1n llevando a una cat\u00e1strofe\u00bb.<\/p>\n\n\n\n<figure class=\"wp-block-embed is-type-wp-embed is-provider-sector-prensa wp-block-embed-sector-prensa\"><div class=\"wp-block-embed__wrapper\">\n<blockquote class=\"wp-embedded-content\" data-secret=\"CXefEpAD49\"><a href=\"https:\/\/sectorprensa.com.ar\/?p=65918\">\u00abPretender cobrar en el sistema p\u00fablico es una barbaridad\u00bb<\/a><\/blockquote><iframe loading=\"lazy\" class=\"wp-embedded-content\" sandbox=\"allow-scripts\" security=\"restricted\" style=\"position: absolute; clip: rect(1px, 1px, 1px, 1px);\" title=\"\u00ab\u00abPretender cobrar en el sistema p\u00fablico es una barbaridad\u00bb\u00bb \u2014 Sector Prensa\" src=\"https:\/\/sectorprensa.com.ar\/?p=65918&#038;embed=true#?secret=oFO1QAVMX7#?secret=CXefEpAD49\" data-secret=\"CXefEpAD49\" width=\"600\" height=\"338\" frameborder=\"0\" marginwidth=\"0\" marginheight=\"0\" scrolling=\"no\"><\/iframe>\n<\/div><\/figure>\n","protected":false},"excerpt":{"rendered":"<p>Carlos Bianco, Ministro de Gobierno bonaerense, expres\u00f3 su preocupaci\u00f3n ante un informe anual sobre la econom\u00eda en Latinoam\u00e9rica que indica<\/p>\n","protected":false},"author":5,"featured_media":65959,"comment_status":"closed","ping_status":"closed","sticky":false,"template":"","format":"standard","meta":{"colormag_page_container_layout":"default_layout","colormag_page_sidebar_layout":"default_layout","footnotes":""},"categories":[17,8,18],"tags":[4440,9012,1505],"class_list":["post-65964","post","type-post","status-publish","format-standard","has-post-thumbnail","hentry","category-destacadas","category-politica","category-provincia","tag-carlos-bianco","tag-comision-economica-para-america-latina","tag-salario"],"_links":{"self":[{"href":"https:\/\/sectorprensa.com.ar\/index.php?rest_route=\/wp\/v2\/posts\/65964","targetHints":{"allow":["GET"]}}],"collection":[{"href":"https:\/\/sectorprensa.com.ar\/index.php?rest_route=\/wp\/v2\/posts"}],"about":[{"href":"https:\/\/sectorprensa.com.ar\/index.php?rest_route=\/wp\/v2\/types\/post"}],"author":[{"embeddable":true,"href":"https:\/\/sectorprensa.com.ar\/index.php?rest_route=\/wp\/v2\/users\/5"}],"replies":[{"embeddable":true,"href":"https:\/\/sectorprensa.com.ar\/index.php?rest_route=%2Fwp%2Fv2%2Fcomments&post=65964"}],"version-history":[{"count":1,"href":"https:\/\/sectorprensa.com.ar\/index.php?rest_route=\/wp\/v2\/posts\/65964\/revisions"}],"predecessor-version":[{"id":65965,"href":"https:\/\/sectorprensa.com.ar\/index.php?rest_route=\/wp\/v2\/posts\/65964\/revisions\/65965"}],"wp:featuredmedia":[{"embeddable":true,"href":"https:\/\/sectorprensa.com.ar\/index.php?rest_route=\/wp\/v2\/media\/65959"}],"wp:attachment":[{"href":"https:\/\/sectorprensa.com.ar\/index.php?rest_route=%2Fwp%2Fv2%2Fmedia&parent=65964"}],"wp:term":[{"taxonomy":"category","embeddable":true,"href":"https:\/\/sectorprensa.com.ar\/index.php?rest_route=%2Fwp%2Fv2%2Fcategories&post=65964"},{"taxonomy":"post_tag","embeddable":true,"href":"https:\/\/sectorprensa.com.ar\/index.php?rest_route=%2Fwp%2Fv2%2Ftags&post=65964"}],"curies":[{"name":"wp","href":"https:\/\/api.w.org\/{rel}","templated":true}]}}