{"id":65999,"date":"2024-08-20T15:42:55","date_gmt":"2024-08-20T18:42:55","guid":{"rendered":"https:\/\/sectorprensa.com.ar\/?p=65999"},"modified":"2024-08-20T15:42:56","modified_gmt":"2024-08-20T18:42:56","slug":"sindicatos-de-docentes-y-no-docentes-realizan-un-nuevo-paro-universitario","status":"publish","type":"post","link":"https:\/\/sectorprensa.com.ar\/?p=65999","title":{"rendered":"Sindicatos de docentes y no docentes realizan un nuevo paro universitario"},"content":{"rendered":"\n<h6 class=\"wp-block-heading\"><strong>La medida de fuerza comenz\u00f3 este martes debido a que no hubo acuerdo salarial entre los gremios y el Ministerio de Capital Humano. La huelga tendr\u00e1 una duraci\u00f3n de 48 horas.<\/strong><\/h6>\n\n\n\n<p>Luego de que la semana pasada los gremios docentes nucleados por el FSUN realizaran un paro universitario de 72 horas, este martes comenz\u00f3 la nueva huelga que se hab\u00eda anticipado en aquel momento mediante un comunicado. En esta ocasi\u00f3n, se llevar\u00e1 adelante por 48 horas. El motivo radica en no haberse logrado un acuerdo salarial .<\/p>\n\n\n\n<p>\u00abEl Ministerio de Capital Humano no convoc\u00f3 a continuar con el di\u00e1logo y la oferta realizada del 3% para agosto y del 2% para septiembre en materia de incremento salarial sigue en pie\u00bb, manifestaron.<\/p>\n\n\n\n<p>Daniel Ricci, Secretario General de Fedun, destac\u00f3 que las 61 universidades p\u00fablicas del pa\u00eds acataron la medida de fuerza, adem\u00e1s asegur\u00f3 que ser\u00e1 el mismo n\u00famero para ma\u00f1ana. Tambi\u00e9n, remarc\u00f3 que hubo \u00abuna p\u00e9rdida salarial de m\u00e1s del 50%\u00bb.<\/p>\n\n\n\n<p>Los gremios advirtieron que en caso de no llegar a un acuerdo paritario, se iniciar\u00e1 un plan de lucha que incluir\u00e1 una marcha federal programada para septiembre.<\/p>\n\n\n\n<figure class=\"wp-block-embed is-type-wp-embed is-provider-sector-prensa wp-block-embed-sector-prensa\"><div class=\"wp-block-embed__wrapper\">\n<blockquote class=\"wp-embedded-content\" data-secret=\"1GG8mP9ZMq\"><a href=\"https:\/\/sectorprensa.com.ar\/?p=65964\">\u00abSomos el pa\u00eds de peor performance econ\u00f3mica de Am\u00e9rica Latina\u00bb<\/a><\/blockquote><iframe loading=\"lazy\" class=\"wp-embedded-content\" sandbox=\"allow-scripts\" security=\"restricted\" style=\"position: absolute; clip: rect(1px, 1px, 1px, 1px);\" title=\"\u00ab\u00abSomos el pa\u00eds de peor performance econ\u00f3mica de Am\u00e9rica Latina\u00bb\u00bb \u2014 Sector Prensa\" src=\"https:\/\/sectorprensa.com.ar\/?p=65964&#038;embed=true#?secret=TOEePqstbK#?secret=1GG8mP9ZMq\" data-secret=\"1GG8mP9ZMq\" width=\"600\" height=\"338\" frameborder=\"0\" marginwidth=\"0\" marginheight=\"0\" scrolling=\"no\"><\/iframe>\n<\/div><\/figure>\n","protected":false},"excerpt":{"rendered":"<p>La medida de fuerza comenz\u00f3 este martes debido a que no hubo acuerdo salarial entre los gremios y el Ministerio<\/p>\n","protected":false},"author":5,"featured_media":66000,"comment_status":"closed","ping_status":"closed","sticky":false,"template":"","format":"standard","meta":{"colormag_page_container_layout":"default_layout","colormag_page_sidebar_layout":"default_layout","footnotes":""},"categories":[17,8,10],"tags":[4091,8974],"class_list":["post-65999","post","type-post","status-publish","format-standard","has-post-thumbnail","hentry","category-destacadas","category-politica","category-sociedad","tag-gobierno-nacional","tag-paro-universitario"],"_links":{"self":[{"href":"https:\/\/sectorprensa.com.ar\/index.php?rest_route=\/wp\/v2\/posts\/65999","targetHints":{"allow":["GET"]}}],"collection":[{"href":"https:\/\/sectorprensa.com.ar\/index.php?rest_route=\/wp\/v2\/posts"}],"about":[{"href":"https:\/\/sectorprensa.com.ar\/index.php?rest_route=\/wp\/v2\/types\/post"}],"author":[{"embeddable":true,"href":"https:\/\/sectorprensa.com.ar\/index.php?rest_route=\/wp\/v2\/users\/5"}],"replies":[{"embeddable":true,"href":"https:\/\/sectorprensa.com.ar\/index.php?rest_route=%2Fwp%2Fv2%2Fcomments&post=65999"}],"version-history":[{"count":1,"href":"https:\/\/sectorprensa.com.ar\/index.php?rest_route=\/wp\/v2\/posts\/65999\/revisions"}],"predecessor-version":[{"id":66001,"href":"https:\/\/sectorprensa.com.ar\/index.php?rest_route=\/wp\/v2\/posts\/65999\/revisions\/66001"}],"wp:featuredmedia":[{"embeddable":true,"href":"https:\/\/sectorprensa.com.ar\/index.php?rest_route=\/wp\/v2\/media\/66000"}],"wp:attachment":[{"href":"https:\/\/sectorprensa.com.ar\/index.php?rest_route=%2Fwp%2Fv2%2Fmedia&parent=65999"}],"wp:term":[{"taxonomy":"category","embeddable":true,"href":"https:\/\/sectorprensa.com.ar\/index.php?rest_route=%2Fwp%2Fv2%2Fcategories&post=65999"},{"taxonomy":"post_tag","embeddable":true,"href":"https:\/\/sectorprensa.com.ar\/index.php?rest_route=%2Fwp%2Fv2%2Ftags&post=65999"}],"curies":[{"name":"wp","href":"https:\/\/api.w.org\/{rel}","templated":true}]}}