{"id":66002,"date":"2024-08-20T16:06:17","date_gmt":"2024-08-20T19:06:17","guid":{"rendered":"https:\/\/sectorprensa.com.ar\/?p=66002"},"modified":"2024-08-20T16:06:17","modified_gmt":"2024-08-20T19:06:17","slug":"merlo-continuan-los-operativos-de-tu-barrio-recicla","status":"publish","type":"post","link":"https:\/\/sectorprensa.com.ar\/?p=66002","title":{"rendered":"Merlo: contin\u00faan los operativos de \u00abTu Barrio Recicla\u00bb"},"content":{"rendered":"\n<h6 class=\"wp-block-heading\"><strong>El programa intercambia los productos reciclables por semillas, tierra f\u00e9rtil y plantines. Se realiza en los diferentes puntos del municipio.<\/strong><\/h6>\n\n\n\n<p>La Secretar\u00eda de Delegaciones de Merlo contin\u00faa con los operativos del programa \u00abTu Barrio Recicla\u00bb, el cual tiene el fin de concientizar a los vecinos sobre el cuidado del medio ambiente a trav\u00e9s del reciclado. Cabe destacar, adem\u00e1s de intercambiar los objetos reciclables por semillas, tierra f\u00e9rtil y plantines, las personas recibir\u00e1n eco-monedas, que se pueden acumular y canjearse por productos de huerta.<\/p>\n\n\n\n<p>Los productos aceptados son: envases de pl\u00e1stico, cartones, revistas, latas de aluminio y tapitas pl\u00e1sticas que se encuentren secas y limpias.<\/p>\n\n\n\n<figure class=\"wp-block-embed is-type-wp-embed is-provider-sector-prensa wp-block-embed-sector-prensa\"><div class=\"wp-block-embed__wrapper\">\n<blockquote class=\"wp-embedded-content\" data-secret=\"oA36L8ScM8\"><a href=\"https:\/\/sectorprensa.com.ar\/?p=65927\">Merlo: rescataron animales ex\u00f3ticos en cautiverio<\/a><\/blockquote><iframe loading=\"lazy\" class=\"wp-embedded-content\" sandbox=\"allow-scripts\" security=\"restricted\" style=\"position: absolute; clip: rect(1px, 1px, 1px, 1px);\" title=\"\u00abMerlo: rescataron animales ex\u00f3ticos en cautiverio\u00bb \u2014 Sector Prensa\" src=\"https:\/\/sectorprensa.com.ar\/?p=65927&#038;embed=true#?secret=5m8zQeHLbh#?secret=oA36L8ScM8\" data-secret=\"oA36L8ScM8\" width=\"600\" height=\"338\" frameborder=\"0\" marginwidth=\"0\" marginheight=\"0\" scrolling=\"no\"><\/iframe>\n<\/div><\/figure>\n","protected":false},"excerpt":{"rendered":"<p>El programa intercambia los productos reciclables por semillas, tierra f\u00e9rtil y plantines. Se realiza en los diferentes puntos del municipio.<\/p>\n","protected":false},"author":5,"featured_media":66003,"comment_status":"closed","ping_status":"closed","sticky":false,"template":"","format":"standard","meta":{"colormag_page_container_layout":"default_layout","colormag_page_sidebar_layout":"default_layout","footnotes":""},"categories":[17,7,1173],"tags":[25,8498],"class_list":["post-66002","post","type-post","status-publish","format-standard","has-post-thumbnail","hentry","category-destacadas","category-merlo","category-municipales","tag-merlo","tag-tu-barrio-recicla"],"_links":{"self":[{"href":"https:\/\/sectorprensa.com.ar\/index.php?rest_route=\/wp\/v2\/posts\/66002","targetHints":{"allow":["GET"]}}],"collection":[{"href":"https:\/\/sectorprensa.com.ar\/index.php?rest_route=\/wp\/v2\/posts"}],"about":[{"href":"https:\/\/sectorprensa.com.ar\/index.php?rest_route=\/wp\/v2\/types\/post"}],"author":[{"embeddable":true,"href":"https:\/\/sectorprensa.com.ar\/index.php?rest_route=\/wp\/v2\/users\/5"}],"replies":[{"embeddable":true,"href":"https:\/\/sectorprensa.com.ar\/index.php?rest_route=%2Fwp%2Fv2%2Fcomments&post=66002"}],"version-history":[{"count":1,"href":"https:\/\/sectorprensa.com.ar\/index.php?rest_route=\/wp\/v2\/posts\/66002\/revisions"}],"predecessor-version":[{"id":66004,"href":"https:\/\/sectorprensa.com.ar\/index.php?rest_route=\/wp\/v2\/posts\/66002\/revisions\/66004"}],"wp:featuredmedia":[{"embeddable":true,"href":"https:\/\/sectorprensa.com.ar\/index.php?rest_route=\/wp\/v2\/media\/66003"}],"wp:attachment":[{"href":"https:\/\/sectorprensa.com.ar\/index.php?rest_route=%2Fwp%2Fv2%2Fmedia&parent=66002"}],"wp:term":[{"taxonomy":"category","embeddable":true,"href":"https:\/\/sectorprensa.com.ar\/index.php?rest_route=%2Fwp%2Fv2%2Fcategories&post=66002"},{"taxonomy":"post_tag","embeddable":true,"href":"https:\/\/sectorprensa.com.ar\/index.php?rest_route=%2Fwp%2Fv2%2Ftags&post=66002"}],"curies":[{"name":"wp","href":"https:\/\/api.w.org\/{rel}","templated":true}]}}