{"id":66117,"date":"2024-08-26T11:20:04","date_gmt":"2024-08-26T14:20:04","guid":{"rendered":"https:\/\/sectorprensa.com.ar\/?p=66117"},"modified":"2024-08-26T11:20:06","modified_gmt":"2024-08-26T14:20:06","slug":"intensa-busqueda-de-una-adolescente-de-14-anos-en-moreno-fue-vista-por-ultima-vez-con-dos-hombres","status":"publish","type":"post","link":"https:\/\/sectorprensa.com.ar\/?p=66117","title":{"rendered":"Intensa b\u00fasqueda de una adolescente de 14 a\u00f1os en Moreno: fue vista por \u00faltima vez con dos hombres"},"content":{"rendered":"\n<h6 class=\"wp-block-heading\"><strong>Lourdes Daiana L\u00f3pez desapareci\u00f3 el lunes pasado en Cuartel V. La familia de la adolescente reconoce a uno de los sujetos como un joven que tiene causas penales.<\/strong><\/h6>\n\n\n\n<p>Buscan intensamente a Lourdes Daiana L\u00f3pez, una adolescente de 14 a\u00f1os que desapareci\u00f3 en Cuartel V, partido de Moreno.<\/p>\n\n\n\n<p>L\u00f3pez fue vista por \u00faltima vez el lunes pasado, cuando fue registrada por una c\u00e1mara de seguridad: la menor estaba con dos hombres mayores de edad.<\/p>\n\n\n\n<p>La familia de la adolescente reconoce a uno de los sujetos como un joven que tiene causas penales.<\/p>\n\n\n\n<p><strong>Si ten\u00e9s informaci\u00f3n, llam\u00e1 al 911 o al +54 9 11 2271-6273.<\/strong><\/p>\n\n\n\n<figure class=\"wp-block-image size-full\"><img loading=\"lazy\" decoding=\"async\" width=\"521\" height=\"529\" src=\"https:\/\/sectorprensa.com.ar\/wp-content\/uploads\/2024\/08\/Captura-de-pantalla-2024-08-25-205352.png\" alt=\"\" class=\"wp-image-66118\" srcset=\"https:\/\/sectorprensa.com.ar\/wp-content\/uploads\/2024\/08\/Captura-de-pantalla-2024-08-25-205352.png 521w, https:\/\/sectorprensa.com.ar\/wp-content\/uploads\/2024\/08\/Captura-de-pantalla-2024-08-25-205352-295x300.png 295w\" sizes=\"auto, (max-width: 521px) 100vw, 521px\" \/><\/figure>\n\n\n\n<figure class=\"wp-block-embed is-type-wp-embed is-provider-sector-prensa wp-block-embed-sector-prensa\"><div class=\"wp-block-embed__wrapper\">\n<blockquote class=\"wp-embedded-content\" data-secret=\"rmRPEhgxvT\"><a href=\"https:\/\/sectorprensa.com.ar\/?p=65996\">Ramos Mej\u00eda: balearon en la cara a una mujer delante de su hijo de 5 a\u00f1os para robarle<\/a><\/blockquote><iframe loading=\"lazy\" class=\"wp-embedded-content\" sandbox=\"allow-scripts\" security=\"restricted\" style=\"position: absolute; clip: rect(1px, 1px, 1px, 1px);\" title=\"\u00abRamos Mej\u00eda: balearon en la cara a una mujer delante de su hijo de 5 a\u00f1os para robarle\u00bb \u2014 Sector Prensa\" src=\"https:\/\/sectorprensa.com.ar\/?p=65996&#038;embed=true#?secret=6nMq5zvHkn#?secret=rmRPEhgxvT\" data-secret=\"rmRPEhgxvT\" width=\"600\" height=\"338\" frameborder=\"0\" marginwidth=\"0\" marginheight=\"0\" scrolling=\"no\"><\/iframe>\n<\/div><\/figure>\n","protected":false},"excerpt":{"rendered":"<p>Lourdes Daiana L\u00f3pez desapareci\u00f3 el lunes pasado en Cuartel V. La familia de la adolescente reconoce a uno de los<\/p>\n","protected":false},"author":6,"featured_media":66122,"comment_status":"closed","ping_status":"closed","sticky":false,"template":"","format":"standard","meta":{"colormag_page_container_layout":"default_layout","colormag_page_sidebar_layout":"default_layout","footnotes":""},"categories":[6828,2154,12],"tags":[2370],"class_list":["post-66117","post","type-post","status-publish","format-standard","has-post-thumbnail","hentry","category-mas-destacadas","category-moreno","category-policiales","tag-desaparecida"],"_links":{"self":[{"href":"https:\/\/sectorprensa.com.ar\/index.php?rest_route=\/wp\/v2\/posts\/66117","targetHints":{"allow":["GET"]}}],"collection":[{"href":"https:\/\/sectorprensa.com.ar\/index.php?rest_route=\/wp\/v2\/posts"}],"about":[{"href":"https:\/\/sectorprensa.com.ar\/index.php?rest_route=\/wp\/v2\/types\/post"}],"author":[{"embeddable":true,"href":"https:\/\/sectorprensa.com.ar\/index.php?rest_route=\/wp\/v2\/users\/6"}],"replies":[{"embeddable":true,"href":"https:\/\/sectorprensa.com.ar\/index.php?rest_route=%2Fwp%2Fv2%2Fcomments&post=66117"}],"version-history":[{"count":3,"href":"https:\/\/sectorprensa.com.ar\/index.php?rest_route=\/wp\/v2\/posts\/66117\/revisions"}],"predecessor-version":[{"id":66123,"href":"https:\/\/sectorprensa.com.ar\/index.php?rest_route=\/wp\/v2\/posts\/66117\/revisions\/66123"}],"wp:featuredmedia":[{"embeddable":true,"href":"https:\/\/sectorprensa.com.ar\/index.php?rest_route=\/wp\/v2\/media\/66122"}],"wp:attachment":[{"href":"https:\/\/sectorprensa.com.ar\/index.php?rest_route=%2Fwp%2Fv2%2Fmedia&parent=66117"}],"wp:term":[{"taxonomy":"category","embeddable":true,"href":"https:\/\/sectorprensa.com.ar\/index.php?rest_route=%2Fwp%2Fv2%2Fcategories&post=66117"},{"taxonomy":"post_tag","embeddable":true,"href":"https:\/\/sectorprensa.com.ar\/index.php?rest_route=%2Fwp%2Fv2%2Ftags&post=66117"}],"curies":[{"name":"wp","href":"https:\/\/api.w.org\/{rel}","templated":true}]}}