{"id":66365,"date":"2024-09-03T00:00:57","date_gmt":"2024-09-03T03:00:57","guid":{"rendered":"https:\/\/sectorprensa.com.ar\/?p=66365"},"modified":"2024-09-03T00:00:58","modified_gmt":"2024-09-03T03:00:58","slug":"en-ituzaingo-kicillof-presento-el-proyecto-del-regimen-provincial-de-inversiones-estrategicas","status":"publish","type":"post","link":"https:\/\/sectorprensa.com.ar\/?p=66365","title":{"rendered":"En Ituzaing\u00f3, Kicillof present\u00f3 el proyecto del R\u00e9gimen Provincial de Inversiones Estrat\u00e9gicas"},"content":{"rendered":"\n<h6 class=\"wp-block-heading\"><strong>\u201cEstamos anunciando un r\u00e9gimen de fomento para inversiones estrat\u00e9gicas que ya hemos comenzado a dialogar con la Legislatura provincial y que est\u00e1 en las ant\u00edpodas del RIGI que impulsa el Gobierno nacional\u201d, sostuvo el gobernador.<\/strong><\/h6>\n\n\n\n<p>En el marco de un encuentro con empresarios y representantes sindicales por el D\u00eda de la Industria, el gobernador Axel Kicillof present\u00f3 este lunes junto al ministro de Producci\u00f3n, Ciencia e Innovaci\u00f3n Tecnol\u00f3gica, Augusto Costa, el proyecto del R\u00e9gimen Provincial de Inversiones Estrat\u00e9gicas.<\/p>\n\n\n\n<p>Fue en Ituzaing\u00f3, con la participaci\u00f3n de la vicegobernadora Ver\u00f3nica Magario; el intendente local, Pablo Descalzo; los ministros de Trabajo, Walter Correa; de Gobierno, Carlos Bianco; de Infraestructura y Servicios P\u00fablicos, Gabriel Katopodis; y de Desarrollo Agrario, Javier Rodr\u00edguez; el presidente del Banco Provincia, Juan Cuattromo; y el director ejecutivo de ARBA, Cristian Girard.<\/p>\n\n\n\n<p>\u201cEstamos anunciando un r\u00e9gimen de fomento para inversiones estrat\u00e9gicas que ya hemos comenzado a dialogar con la Legislatura provincial y que est\u00e1 en las ant\u00edpodas del RIGI que impulsa el Gobierno nacional\u201d, sostuvo Kicillof y a\u00f1adi\u00f3: \u201cNo podemos aceptar que la \u00fanica forma de recibir inversiones sea la de primarizar, rifar los recursos naturales y no agregar valor. Por el contrario, este es un proyecto de desarrollo econ\u00f3mico e industrial\u201d.<\/p>\n\n\n\n<figure class=\"wp-block-embed is-type-rich is-provider-twitter wp-block-embed-twitter\"><div class=\"wp-block-embed__wrapper\">\n<blockquote class=\"twitter-tweet\" data-width=\"550\" data-dnt=\"true\"><p lang=\"es\" dir=\"ltr\">Frente a un Gobierno nacional que tiene como objetivo el desmantelamiento de la industria y la producci\u00f3n, anunciamos la presentaci\u00f3n de un R\u00e9gimen Provincial de Inversiones Estrat\u00e9gicas que est\u00e1 en las ant\u00edpodas de ese modelo. <a href=\"https:\/\/t.co\/BC7XyzIa0g\">pic.twitter.com\/BC7XyzIa0g<\/a><\/p>&mdash; Axel Kicillof (@Kicillofok) <a href=\"https:\/\/twitter.com\/Kicillofok\/status\/1830746689679856034?ref_src=twsrc%5Etfw\">September 2, 2024<\/a><\/blockquote><script async src=\"https:\/\/platform.twitter.com\/widgets.js\" charset=\"utf-8\"><\/script>\n<\/div><\/figure>\n\n\n\n<p>\u201cEl R\u00e9gimen Provincial de Inversiones Estrat\u00e9gicas busca promover las inversiones en l\u00ednea con los objetivos productivos de la Provincia: crear empleos de calidad y generar m\u00e1s valor agregado; desarrollar a proveedores locales; facilitar la transferencia de tecnolog\u00eda; impulsar las exportaciones y sustituir las importaciones; y reducir desequilibrios territoriales\u201d, informaron desde el gobierno bonaerense.<\/p>\n\n\n\n<p>En ese sentido, el Gobernador subray\u00f3 que \u201cel proyecto reconoce y acompa\u00f1a a quienes inviertan para generar m\u00e1s valor agregado y trabajo, e impulsen el desarrollo de proveedores locales y las exportaciones\u201d. \u201cNuestro compromiso es luchar contra las pol\u00edticas de desindustrializaci\u00f3n y plantearnos un futuro con m\u00e1s y mejor industria para la provincia de Buenos Aires y la Argentina\u201d, explic\u00f3 y concluy\u00f3: \u201cTenemos claro que no hay Naci\u00f3n sin industria: cuenten con la Provincia como red y como escudo frente a las pol\u00edticas del Gobierno nacional\u201d.<\/p>\n\n\n\n<p>En tanto, Costa sostuvo que \u00abeste nuevo r\u00e9gimen apunta a garantizar que las inversiones generen m\u00e1s desarrollo productivo, econ\u00f3mico y mejores condiciones de vida en todo el territorio bonaerense\u201d. \u201cDe la mano de un Estado provincial presente, queremos trabajar en conjunto con todas las empresas que apuestan por la producci\u00f3n y el trabajo\u00bb, a\u00f1adi\u00f3.<\/p>\n\n\n\n<p>Bajo la consigna \u201cEn defensa de la Industria Nacional\u201d, el encuentro tuvo lugar en la sede de la empresa Traverso Alerj\u00fa S.A. y reuni\u00f3 a empresarios y representantes de diversos rubros como: construcci\u00f3n; alimenticio; textil; automotriz; metalmec\u00e1nico; naval; petrolero; farmac\u00e9utico; y aquellos centrados en la producci\u00f3n de caucho; cuero; cer\u00e1mica; calzados; vidrio; y consumo masivo, entre otros.<\/p>\n\n\n\n<p>Por su parte, Correa sostuvo: \u201cEl ajuste del gobierno nacional lo estamos sintiendo en el mundo del trabajo y por supuesto tambi\u00e9n la Provincia, porque es el coraz\u00f3n productivo de la rep\u00fablica: ac\u00e1 tenemos el 50% de las cooperativas, de las grandes compa\u00f1\u00edas y de las PYMES\u201d.<\/p>\n\n\n\n<p>\u201cEs muy importante coincidir con el Gobierno bonaerense en que defender la industria nacional es defender la soberan\u00eda, el trabajo, la producci\u00f3n y el empleo: debemos seguir trabajando para consolidar la fuerza y el empuje de cada uno de los sectores\u201d, remarc\u00f3 Descalzo.<\/p>\n\n\n\n<figure class=\"wp-block-embed is-type-rich is-provider-twitter wp-block-embed-twitter\"><div class=\"wp-block-embed__wrapper\">\n<blockquote class=\"twitter-tweet\" data-width=\"550\" data-dnt=\"true\"><p lang=\"es\" dir=\"ltr\">El Gobierno de Milei es enemigo de la producci\u00f3n y gracias a su plan econ\u00f3mico estamos pasando de tener industria nacional a ser una naci\u00f3n sin industria. Tenemos que poner todos nuestros esfuerzos en explicar las consecuencias de este plan econ\u00f3mico y en construir un futuro en\u2026 <a href=\"https:\/\/t.co\/Vr7jokyFbL\">pic.twitter.com\/Vr7jokyFbL<\/a><\/p>&mdash; Axel Kicillof (@Kicillofok) <a href=\"https:\/\/twitter.com\/Kicillofok\/status\/1830746697510650294?ref_src=twsrc%5Etfw\">September 2, 2024<\/a><\/blockquote><script async src=\"https:\/\/platform.twitter.com\/widgets.js\" charset=\"utf-8\"><\/script>\n<\/div><\/figure>\n\n\n\n<p>Estuvieron presentes la jefa de Gabinete del Ministerio de Trabajo, Cecilia Cecchini; la subsecretaria de Industria, Pymes y Cooperativas, Mariela Bembi; sus pares de Desarrollo Comercial y Promoci\u00f3n de Inversiones, Ariel Aguilar; y de Asuntos Portuarios, Juan Cruz Lucero; la presidenta del FOGABA, Ver\u00f3nica Wejchenberg; y el dirigente Alberto Descalzo.<\/p>\n\n\n\n<p>Tambi\u00e9n participaron los presidentes del Consejo del Banco Nacional de Desarrollo Econ\u00f3mico y Social de Brasil, Rafael Lucchesi; de la Asociaci\u00f3n de Industriales Metal\u00fargicos de Argentina (ADIMRA), Elio del Re; de la Confederaci\u00f3n General Empresaria de la Rep\u00fablica Argentina (CGERA), Marcelo Fern\u00e1ndez; los secretarios Generales de la Uni\u00f3n Obrera Metal\u00fargica (UOM), Abel Furl\u00e1n, del sindicato de Mec\u00e1nicos y Afines del Transporte Automotor (SMATA), Ricardo Pignanelli; de la Federaci\u00f3n Argentina de la Industria Maderera y Afines (FAIMA), Daniel Vier; del sindicato de textiles de la Argentina, Hugo Ben\u00edtez; del sindicato argentino de Obreros Navales y Servicios de la Industria Naval, Juan Speroni; el secretario Adjunto de la Uni\u00f3n de Trabajadores de la Industria del Calzado (UTICRA), Horacio Jer\u00e9z; el gerente General de la C\u00e1mara Argentina de Proveedores de la Industria Petro-Energ\u00e9tica (CAPIPE), Sim\u00f3n Blengino; y los titulares de las empresas Alerj\u00fa S.A., Alberto Traverso; de Do\u00f1a Noly, Luis Mariani; y Bicontinentar, Juan Recce.<\/p>\n\n\n\n<figure class=\"wp-block-embed is-type-wp-embed is-provider-sector-prensa wp-block-embed-sector-prensa\"><div class=\"wp-block-embed__wrapper\">\n<blockquote class=\"wp-embedded-content\" data-secret=\"orgvjgWCAz\"><a href=\"https:\/\/sectorprensa.com.ar\/?p=66210\">\u00abCortando el fondo compensador del transporte no es contra el Gobernador, es contra el pueblo\u00bb<\/a><\/blockquote><iframe loading=\"lazy\" class=\"wp-embedded-content\" sandbox=\"allow-scripts\" security=\"restricted\" style=\"position: absolute; clip: rect(1px, 1px, 1px, 1px);\" title=\"\u00ab\u00abCortando el fondo compensador del transporte no es contra el Gobernador, es contra el pueblo\u00bb\u00bb \u2014 Sector Prensa\" src=\"https:\/\/sectorprensa.com.ar\/?p=66210&#038;embed=true#?secret=pcB6ansuMQ#?secret=orgvjgWCAz\" data-secret=\"orgvjgWCAz\" width=\"600\" height=\"338\" frameborder=\"0\" marginwidth=\"0\" marginheight=\"0\" scrolling=\"no\"><\/iframe>\n<\/div><\/figure>\n","protected":false},"excerpt":{"rendered":"<p>\u201cEstamos anunciando un r\u00e9gimen de fomento para inversiones estrat\u00e9gicas que ya hemos comenzado a dialogar con la Legislatura provincial y<\/p>\n","protected":false},"author":6,"featured_media":66366,"comment_status":"closed","ping_status":"closed","sticky":false,"template":"","format":"standard","meta":{"colormag_page_container_layout":"default_layout","colormag_page_sidebar_layout":"default_layout","footnotes":""},"categories":[4,6828,8,18],"tags":[4015,3337,4440,537,9063,2037],"class_list":["post-66365","post","type-post","status-publish","format-standard","has-post-thumbnail","hentry","category-ituzaingo","category-mas-destacadas","category-politica","category-provincia","tag-augusto-costa","tag-axel-kicillof","tag-carlos-bianco","tag-pablo-descalzo","tag-regimen-provincial-de-inversiones-estrategicas","tag-walter-correa"],"_links":{"self":[{"href":"https:\/\/sectorprensa.com.ar\/index.php?rest_route=\/wp\/v2\/posts\/66365","targetHints":{"allow":["GET"]}}],"collection":[{"href":"https:\/\/sectorprensa.com.ar\/index.php?rest_route=\/wp\/v2\/posts"}],"about":[{"href":"https:\/\/sectorprensa.com.ar\/index.php?rest_route=\/wp\/v2\/types\/post"}],"author":[{"embeddable":true,"href":"https:\/\/sectorprensa.com.ar\/index.php?rest_route=\/wp\/v2\/users\/6"}],"replies":[{"embeddable":true,"href":"https:\/\/sectorprensa.com.ar\/index.php?rest_route=%2Fwp%2Fv2%2Fcomments&post=66365"}],"version-history":[{"count":1,"href":"https:\/\/sectorprensa.com.ar\/index.php?rest_route=\/wp\/v2\/posts\/66365\/revisions"}],"predecessor-version":[{"id":66367,"href":"https:\/\/sectorprensa.com.ar\/index.php?rest_route=\/wp\/v2\/posts\/66365\/revisions\/66367"}],"wp:featuredmedia":[{"embeddable":true,"href":"https:\/\/sectorprensa.com.ar\/index.php?rest_route=\/wp\/v2\/media\/66366"}],"wp:attachment":[{"href":"https:\/\/sectorprensa.com.ar\/index.php?rest_route=%2Fwp%2Fv2%2Fmedia&parent=66365"}],"wp:term":[{"taxonomy":"category","embeddable":true,"href":"https:\/\/sectorprensa.com.ar\/index.php?rest_route=%2Fwp%2Fv2%2Fcategories&post=66365"},{"taxonomy":"post_tag","embeddable":true,"href":"https:\/\/sectorprensa.com.ar\/index.php?rest_route=%2Fwp%2Fv2%2Ftags&post=66365"}],"curies":[{"name":"wp","href":"https:\/\/api.w.org\/{rel}","templated":true}]}}