{"id":66412,"date":"2024-09-05T00:12:45","date_gmt":"2024-09-05T03:12:45","guid":{"rendered":"https:\/\/sectorprensa.com.ar\/?p=66412"},"modified":"2024-09-05T11:29:53","modified_gmt":"2024-09-05T14:29:53","slug":"video-un-policia-se-defendio-de-un-robo-en-moron-y-mato-a-delincuente-sus-complices-lo-dejaron-en-un-hospital-de-merlo","status":"publish","type":"post","link":"https:\/\/sectorprensa.com.ar\/?p=66412","title":{"rendered":"[Video] Un polic\u00eda se defendi\u00f3 de un robo en Mor\u00f3n y mat\u00f3 a delincuente"},"content":{"rendered":"\n<h6 class=\"wp-block-heading\"><strong>El hecho ocurri\u00f3 el martes por la noche en la esquina de Australia y Vicente L\u00f3pez y Planes, cuando el oficial (que actu\u00f3 en leg\u00edtima defensa) estaba finalizando de estacionar su auto. <\/strong><\/h6>\n\n\n\n<p>Un polic\u00eda abati\u00f3 a un delincuente que intent\u00f3 robarle cuando estaba finalizando de estacionar su veh\u00edculo en Mor\u00f3n Sur. El agente dispar\u00f3 con su arma reglamentaria y logr\u00f3 escapar junto a su pareja, mientras los c\u00f3mplices del malviviente lo cargaron en un auto y lo abandonaron sin vida en las puertas del Hospital H\u00e9roes de Malvinas, en Merlo.<\/p>\n\n\n\n<p>El hecho ocurri\u00f3 en la noche del martes, poco despu\u00e9s de las 20 horas, en la esquina de Australia y Vicente L\u00f3pez y Planes. La pareja, que logr\u00f3 evitar el asalto, se encontraba a bordo de un Volkswagen Fox rojo perteneciente a un sargento que trabaja en el Comando de Patrullas de La Matanza.<\/p>\n\n\n\n<figure class=\"wp-block-embed is-type-video is-provider-youtube wp-block-embed-youtube wp-embed-aspect-4-3 wp-has-aspect-ratio\"><div class=\"wp-block-embed__wrapper\">\n<iframe loading=\"lazy\" title=\"Un polic\u00eda mat\u00f3 a un delincuente que intent\u00f3 robarle en Mor\u00f3n\" width=\"800\" height=\"600\" src=\"https:\/\/www.youtube.com\/embed\/Gr8bz9hwMT0?feature=oembed\" frameborder=\"0\" allow=\"accelerometer; autoplay; clipboard-write; encrypted-media; gyroscope; picture-in-picture; web-share\" referrerpolicy=\"strict-origin-when-cross-origin\" allowfullscreen><\/iframe>\n<\/div><\/figure>\n\n\n\n<p>El oficial not\u00f3 la llegada de un Ford Focus blanco que se detuvo detr\u00e1s de su auto. De este veh\u00edculo baj\u00f3 un hombre armado que corri\u00f3 hacia la puerta del conductor. El polic\u00eda, al percatarse de la amenaza a trav\u00e9s del espejo retrovisor, dispar\u00f3 de inmediato su arma al ver que el delincuente se aproximaba r\u00e1pidamente.<\/p>\n\n\n\n<p>El ladr\u00f3n, un joven de 20 a\u00f1os, cay\u00f3 herido en la calle, mientras el oficial aceler\u00f3 para alejarse del lugar, y su pareja alert\u00f3 al 911. Seg\u00fan lo captado en video, los c\u00f3mplices recogieron al herido y lo llevaron en su veh\u00edculo, abandon\u00e1ndolo ya fallecido en el mencionado hospital.<\/p>\n\n\n\n<p>El auto utilizado por los asaltantes hab\u00eda sido robado d\u00edas antes en La Matanza y contaba con un pedido de secuestro activo. Hasta el momento, el veh\u00edculo no ha sido localizado.<\/p>\n\n\n\n<p>La investigaci\u00f3n est\u00e1 a cargo del fiscal Patricio Ventricelli, de la Fiscal\u00eda N\u00ba 6 de Mor\u00f3n, quien dispuso que las pericias sean realizadas por Gendarmer\u00eda Nacional. El fiscal consider\u00f3 que el sargento actu\u00f3 en leg\u00edtima defensa, por lo que no se han tomado medidas legales contra \u00e9l.<\/p>\n\n\n\n<figure class=\"wp-block-embed is-type-wp-embed is-provider-sector-prensa wp-block-embed-sector-prensa\"><div class=\"wp-block-embed__wrapper\">\n<blockquote class=\"wp-embedded-content\" data-secret=\"Xn42duqYXn\"><a href=\"https:\/\/sectorprensa.com.ar\/?p=66394\">[Video] Ituzaing\u00f3: un vecino evit\u00f3 un robo con una peligrosa maniobra<\/a><\/blockquote><iframe loading=\"lazy\" class=\"wp-embedded-content\" sandbox=\"allow-scripts\" security=\"restricted\" style=\"position: absolute; clip: rect(1px, 1px, 1px, 1px);\" title=\"\u00ab[Video] Ituzaing\u00f3: un vecino evit\u00f3 un robo con una peligrosa maniobra\u00bb \u2014 Sector Prensa\" src=\"https:\/\/sectorprensa.com.ar\/?p=66394&#038;embed=true#?secret=VltLQmnapw#?secret=Xn42duqYXn\" data-secret=\"Xn42duqYXn\" width=\"600\" height=\"338\" frameborder=\"0\" marginwidth=\"0\" marginheight=\"0\" scrolling=\"no\"><\/iframe>\n<\/div><\/figure>\n","protected":false},"excerpt":{"rendered":"<p>El hecho ocurri\u00f3 el martes por la noche en la esquina de Australia y Vicente L\u00f3pez y Planes, cuando el<\/p>\n","protected":false},"author":6,"featured_media":66413,"comment_status":"closed","ping_status":"closed","sticky":false,"template":"","format":"standard","meta":{"colormag_page_container_layout":"default_layout","colormag_page_sidebar_layout":"default_layout","footnotes":""},"categories":[17,5,12],"tags":[3173,165,2600,74],"class_list":["post-66412","post","type-post","status-publish","format-standard","has-post-thumbnail","hentry","category-destacadas","category-moron","category-policiales","tag-abatido","tag-delincuentes","tag-policia-2","tag-robo"],"_links":{"self":[{"href":"https:\/\/sectorprensa.com.ar\/index.php?rest_route=\/wp\/v2\/posts\/66412","targetHints":{"allow":["GET"]}}],"collection":[{"href":"https:\/\/sectorprensa.com.ar\/index.php?rest_route=\/wp\/v2\/posts"}],"about":[{"href":"https:\/\/sectorprensa.com.ar\/index.php?rest_route=\/wp\/v2\/types\/post"}],"author":[{"embeddable":true,"href":"https:\/\/sectorprensa.com.ar\/index.php?rest_route=\/wp\/v2\/users\/6"}],"replies":[{"embeddable":true,"href":"https:\/\/sectorprensa.com.ar\/index.php?rest_route=%2Fwp%2Fv2%2Fcomments&post=66412"}],"version-history":[{"count":4,"href":"https:\/\/sectorprensa.com.ar\/index.php?rest_route=\/wp\/v2\/posts\/66412\/revisions"}],"predecessor-version":[{"id":66434,"href":"https:\/\/sectorprensa.com.ar\/index.php?rest_route=\/wp\/v2\/posts\/66412\/revisions\/66434"}],"wp:featuredmedia":[{"embeddable":true,"href":"https:\/\/sectorprensa.com.ar\/index.php?rest_route=\/wp\/v2\/media\/66413"}],"wp:attachment":[{"href":"https:\/\/sectorprensa.com.ar\/index.php?rest_route=%2Fwp%2Fv2%2Fmedia&parent=66412"}],"wp:term":[{"taxonomy":"category","embeddable":true,"href":"https:\/\/sectorprensa.com.ar\/index.php?rest_route=%2Fwp%2Fv2%2Fcategories&post=66412"},{"taxonomy":"post_tag","embeddable":true,"href":"https:\/\/sectorprensa.com.ar\/index.php?rest_route=%2Fwp%2Fv2%2Ftags&post=66412"}],"curies":[{"name":"wp","href":"https:\/\/api.w.org\/{rel}","templated":true}]}}