{"id":66418,"date":"2024-09-05T00:13:05","date_gmt":"2024-09-05T03:13:05","guid":{"rendered":"https:\/\/sectorprensa.com.ar\/?p=66418"},"modified":"2024-09-05T00:13:06","modified_gmt":"2024-09-05T03:13:06","slug":"elio-del-re-sobre-el-regimen-provincial-de-inversiones-estrategicas-va-en-sintonia-con-lo-que-nosotros-pedimos","status":"publish","type":"post","link":"https:\/\/sectorprensa.com.ar\/?p=66418","title":{"rendered":"Elio Del Re sobre el R\u00e9gimen Provincial de Inversiones Estrat\u00e9gicas: \u201cVa en sinton\u00eda con lo que nosotros pedimos\u201d"},"content":{"rendered":"\n<h6 class=\"wp-block-heading\"><strong>El titular de la Asociaci\u00f3n de Industriales Metal\u00fargicos de la Rep\u00fablica Argentina (ADIMRA) consider\u00f3 que el desaf\u00edo del sector \u201ces potenciar la industrializaci\u00f3n de los recursos naturales\u201d. \u201cEstamos dispuestos a competir, pero con la cancha nivelada\u201d, sostuvo.<\/strong><\/h6>\n\n\n\n<p>Elio Del Re, titular de la Asociaci\u00f3n de Industriales Metal\u00fargicos de la Rep\u00fablica Argentina (ADIMRA), se refiri\u00f3 de manera positiva a los anuncios de la Provincia y consider\u00f3 que el desaf\u00edo del sector \u201ces potenciar la industrializaci\u00f3n de los recursos naturales\u201d.<\/p>\n\n\n\n<p>Del Re dijo que \u201cel \u00faltimo informe que hicimos nos refleja una ca\u00edda de 11.7% en comparaci\u00f3n con el mismo mes del a\u00f1o anterior\u201d a nivel nacional.<\/p>\n\n\n\n<p>Seguido, detall\u00f3 que \u201cen l\u00edneas generales, los rubros que tienen que ver con consumo masivo, la obra p\u00fablica y la construcci\u00f3n, son los que m\u00e1s sufrieron\u201d, mientras que aparecen con resultados positivos \u201csectores que tienen que ver con el agro\u201d, considerando que \u201clo comparamos con el a\u00f1o anterior que tuvo la seca\u201d, y que tambi\u00e9n \u201csectores como proveedores de petr\u00f3leo y gas, miner\u00eda, claramente son sectores que est\u00e1n traccionando, pero est\u00e1n mirando con un ojo a las importaciones, al RIGI para ver c\u00f3mo funcionan estos ecosistemas\u201d.<\/p>\n\n\n\n<p>En ese sentido, del R\u00e9 subray\u00f3: \u201cNuestro desaf\u00edo es potenciar la industrializaci\u00f3n de los recursos naturales, tanto en el producto como en el proceso. Creemos que la virtuosidad de la econom\u00eda pasa por ah\u00ed\u201d.<\/p>\n\n\n\n<p>Consultado por el R\u00e9gimen de Incentivos a las Grandes Inversiones anunciado por el gobernador Axel Kicillof, indic\u00f3 que \u201csi los objetivos finales son lo que nos presentaron, va en sinton\u00eda con lo que nosotros pedimos\u201d. Consign\u00f3 que, en la propuesta del gobierno bonaerense, \u201clas inversiones ten\u00edan que potenciar a la red de proveedores nacionales, que aquellos que recib\u00edan los beneficios ten\u00edan que proteger el empleo y tener un sistema de exportaci\u00f3n\u201d, por lo cual \u201ctodo lo que anunciaron como objetivos finales de este sistema que quieren implementar, entendemos que es virtuoso para la econom\u00eda\u201d.<\/p>\n\n\n\n<p>Respecto a las cargas impositivas nacionales, expres\u00f3: \u201cEstamos dispuestos a competir, pero con la cancha nivelada. Si el mundo tiene una carga impositiva mucho m\u00e1s baja que la que tienen los argentinos, liberemos las cargas porque con la cancha inclinada es imposible ganar el partido\u201d.<\/p>\n\n\n\n<p>Finalmente remarc\u00f3: \u201cCreemos en los argentinos y sus capacidades industriales, hay muchas empresas que tienen tecnolog\u00eda de punta, como las metal\u00fargicas, pero necesitamos las mismas herramientas\u201d, y dijo no coincidir con las expresiones p\u00fablicas de Javier Milei cuando afirm\u00f3 que \u201cla industria durante muchos a\u00f1os le rob\u00f3 al campo\u201d. Puntualiz\u00f3 en ese aspecto que \u201ctodos los pa\u00edses que se desarrollaron, lo hicieron con una industria\u201d fuerte. \u201cSi miramos los pa\u00edses centrales o los que el gobierno tiene como norte, hacen mucha industria\u201d, concluy\u00f3.<\/p>\n\n\n\n<figure class=\"wp-block-embed is-type-wp-embed is-provider-sector-prensa wp-block-embed-sector-prensa\"><div class=\"wp-block-embed__wrapper\">\n<blockquote class=\"wp-embedded-content\" data-secret=\"pEXtcu0R8t\"><a href=\"https:\/\/sectorprensa.com.ar\/?p=66365\">En Ituzaing\u00f3, Kicillof present\u00f3 el proyecto del R\u00e9gimen Provincial de Inversiones Estrat\u00e9gicas<\/a><\/blockquote><iframe loading=\"lazy\" class=\"wp-embedded-content\" sandbox=\"allow-scripts\" security=\"restricted\" style=\"position: absolute; clip: rect(1px, 1px, 1px, 1px);\" title=\"\u00abEn Ituzaing\u00f3, Kicillof present\u00f3 el proyecto del R\u00e9gimen Provincial de Inversiones Estrat\u00e9gicas\u00bb \u2014 Sector Prensa\" src=\"https:\/\/sectorprensa.com.ar\/?p=66365&#038;embed=true#?secret=FTDgocANKT#?secret=pEXtcu0R8t\" data-secret=\"pEXtcu0R8t\" width=\"600\" height=\"338\" frameborder=\"0\" marginwidth=\"0\" marginheight=\"0\" scrolling=\"no\"><\/iframe>\n<\/div><\/figure>\n\n\n\n<figure class=\"wp-block-embed is-type-wp-embed is-provider-sector-prensa wp-block-embed-sector-prensa\"><div class=\"wp-block-embed__wrapper\">\n<blockquote class=\"wp-embedded-content\" data-secret=\"E5Un8eNtEI\"><a href=\"https:\/\/sectorprensa.com.ar\/?p=63698\">\u00abHay una ca\u00edda interanual del 19,5% de la actividad metal\u00fargica\u00bb<\/a><\/blockquote><iframe loading=\"lazy\" class=\"wp-embedded-content\" sandbox=\"allow-scripts\" security=\"restricted\" style=\"position: absolute; clip: rect(1px, 1px, 1px, 1px);\" title=\"\u00ab\u00abHay una ca\u00edda interanual del 19,5% de la actividad metal\u00fargica\u00bb\u00bb \u2014 Sector Prensa\" src=\"https:\/\/sectorprensa.com.ar\/?p=63698&#038;embed=true#?secret=TejOvPPnOy#?secret=E5Un8eNtEI\" data-secret=\"E5Un8eNtEI\" width=\"600\" height=\"338\" frameborder=\"0\" marginwidth=\"0\" marginheight=\"0\" scrolling=\"no\"><\/iframe>\n<\/div><\/figure>\n","protected":false},"excerpt":{"rendered":"<p>El titular de la Asociaci\u00f3n de Industriales Metal\u00fargicos de la Rep\u00fablica Argentina (ADIMRA) consider\u00f3 que el desaf\u00edo del sector \u201ces<\/p>\n","protected":false},"author":6,"featured_media":66419,"comment_status":"closed","ping_status":"closed","sticky":false,"template":"","format":"standard","meta":{"colormag_page_container_layout":"default_layout","colormag_page_sidebar_layout":"default_layout","footnotes":""},"categories":[6828,8,10],"tags":[8779,8778],"class_list":["post-66418","post","type-post","status-publish","format-standard","has-post-thumbnail","hentry","category-mas-destacadas","category-politica","category-sociedad","tag-adimra","tag-elio-del-re"],"_links":{"self":[{"href":"https:\/\/sectorprensa.com.ar\/index.php?rest_route=\/wp\/v2\/posts\/66418","targetHints":{"allow":["GET"]}}],"collection":[{"href":"https:\/\/sectorprensa.com.ar\/index.php?rest_route=\/wp\/v2\/posts"}],"about":[{"href":"https:\/\/sectorprensa.com.ar\/index.php?rest_route=\/wp\/v2\/types\/post"}],"author":[{"embeddable":true,"href":"https:\/\/sectorprensa.com.ar\/index.php?rest_route=\/wp\/v2\/users\/6"}],"replies":[{"embeddable":true,"href":"https:\/\/sectorprensa.com.ar\/index.php?rest_route=%2Fwp%2Fv2%2Fcomments&post=66418"}],"version-history":[{"count":1,"href":"https:\/\/sectorprensa.com.ar\/index.php?rest_route=\/wp\/v2\/posts\/66418\/revisions"}],"predecessor-version":[{"id":66420,"href":"https:\/\/sectorprensa.com.ar\/index.php?rest_route=\/wp\/v2\/posts\/66418\/revisions\/66420"}],"wp:featuredmedia":[{"embeddable":true,"href":"https:\/\/sectorprensa.com.ar\/index.php?rest_route=\/wp\/v2\/media\/66419"}],"wp:attachment":[{"href":"https:\/\/sectorprensa.com.ar\/index.php?rest_route=%2Fwp%2Fv2%2Fmedia&parent=66418"}],"wp:term":[{"taxonomy":"category","embeddable":true,"href":"https:\/\/sectorprensa.com.ar\/index.php?rest_route=%2Fwp%2Fv2%2Fcategories&post=66418"},{"taxonomy":"post_tag","embeddable":true,"href":"https:\/\/sectorprensa.com.ar\/index.php?rest_route=%2Fwp%2Fv2%2Ftags&post=66418"}],"curies":[{"name":"wp","href":"https:\/\/api.w.org\/{rel}","templated":true}]}}