{"id":66435,"date":"2024-09-05T09:50:18","date_gmt":"2024-09-05T12:50:18","guid":{"rendered":"https:\/\/sectorprensa.com.ar\/?p=66435"},"modified":"2024-09-05T09:50:34","modified_gmt":"2024-09-05T12:50:34","slug":"dos-policias-detenidos-por-la-fuga-de-un-preso-esposado-en-ituzaingo","status":"publish","type":"post","link":"https:\/\/sectorprensa.com.ar\/?p=66435","title":{"rendered":"Dos polic\u00edas detenidos por la fuga de un preso esposado en Ituzaing\u00f3"},"content":{"rendered":"\n<h6 class=\"wp-block-heading\"><strong>El acusado le peg\u00f3 una patada a la puerta del patrullero y huy\u00f3. Hab\u00eda sido detenido por violaci\u00f3n de domicilio y ten\u00eda un pedido de captura por homicidio.<\/strong><\/h6>\n\n\n\n<p>Dos polic\u00edas de la bonaerense fueron detenidos por la fuga de un preso esposado que huy\u00f3 tras patear la puerta del patrullero mientras era trasladado. El hombre hab\u00eda sido arrestado por violaci\u00f3n de domicilio, pero tras la identificaci\u00f3n se supo que ten\u00eda un pedido de captura por homicidio.<\/p>\n\n\n\n<p>El ins\u00f3lito hecho sucedi\u00f3 Ituzaing\u00f3 cuando el detenido regresaba con los dos efectivos en un patrullero hasta la comisar\u00eda de San Alberto despu\u00e9s de prestar declaraci\u00f3n. En el cruce de las calles Camerucci y San Fernando le peg\u00f3 una patada a la puerta y escap\u00f3 con las esposas puestas hasta una vivienda donde luego huy\u00f3 por los techos.<\/p>\n\n\n\n<p>Los agentes dieron aviso a las autoridades para desplegar un amplio operativo en la zona con la idea de dar con el pr\u00f3fugo, el cual todav\u00eda no fue detenido.<\/p>\n\n\n\n<p>Mientras contin\u00faa la intensa b\u00fasqueda, la fiscal Gabriela Mill\u00e1n, titular de la Fiscal\u00eda Descentralizada 1 de Ituzaing\u00f3, solicit\u00f3 aprehender a los dos polic\u00edas por el delito de incumplimiento de los deberes de funcionario p\u00fablico y facilitaci\u00f3n de la evasi\u00f3n.<\/p>\n\n\n\n<p>La fiscal tambi\u00e9n detall\u00f3 que el sujeto dio una identificaci\u00f3n falsa al momento de su captura, motivo por el cual el resultado de sus antecedentes penales se dieron a conocer horas despu\u00e9s de haberse vuelto a fugar.<\/p>\n\n\n\n<p>En este sentido, se indic\u00f3 que el hombre cuenta con un registro penal extenso por los delitos de robo agravado, homicidio gravado cirminis causa en grado de tentativa, portaci\u00f3n ilegal de arma de guerra y ahora violaci\u00f3n de domicilio.<\/p>\n\n\n\n<figure class=\"wp-block-embed is-type-wp-embed is-provider-sector-prensa wp-block-embed-sector-prensa\"><div class=\"wp-block-embed__wrapper\">\n<blockquote class=\"wp-embedded-content\" data-secret=\"UNQ3XWBIpL\"><a href=\"https:\/\/sectorprensa.com.ar\/?p=66412\">[Video] Un polic\u00eda se defendi\u00f3 de un robo en Mor\u00f3n y mat\u00f3 a delincuente<\/a><\/blockquote><iframe loading=\"lazy\" class=\"wp-embedded-content\" sandbox=\"allow-scripts\" security=\"restricted\" style=\"position: absolute; clip: rect(1px, 1px, 1px, 1px);\" title=\"\u00ab[Video] Un polic\u00eda se defendi\u00f3 de un robo en Mor\u00f3n y mat\u00f3 a delincuente\u00bb \u2014 Sector Prensa\" src=\"https:\/\/sectorprensa.com.ar\/?p=66412&#038;embed=true#?secret=sr5WrJKImx#?secret=UNQ3XWBIpL\" data-secret=\"UNQ3XWBIpL\" width=\"600\" height=\"338\" frameborder=\"0\" marginwidth=\"0\" marginheight=\"0\" scrolling=\"no\"><\/iframe>\n<\/div><\/figure>\n","protected":false},"excerpt":{"rendered":"<p>El acusado le peg\u00f3 una patada a la puerta del patrullero y huy\u00f3. Hab\u00eda sido detenido por violaci\u00f3n de domicilio<\/p>\n","protected":false},"author":6,"featured_media":66436,"comment_status":"closed","ping_status":"closed","sticky":false,"template":"","format":"standard","meta":{"colormag_page_container_layout":"default_layout","colormag_page_sidebar_layout":"default_layout","footnotes":""},"categories":[17,4,12],"tags":[487,49,2336],"class_list":["post-66435","post","type-post","status-publish","format-standard","has-post-thumbnail","hentry","category-destacadas","category-ituzaingo","category-policiales","tag-detenidos","tag-ituzaingo","tag-preso-fugado"],"_links":{"self":[{"href":"https:\/\/sectorprensa.com.ar\/index.php?rest_route=\/wp\/v2\/posts\/66435","targetHints":{"allow":["GET"]}}],"collection":[{"href":"https:\/\/sectorprensa.com.ar\/index.php?rest_route=\/wp\/v2\/posts"}],"about":[{"href":"https:\/\/sectorprensa.com.ar\/index.php?rest_route=\/wp\/v2\/types\/post"}],"author":[{"embeddable":true,"href":"https:\/\/sectorprensa.com.ar\/index.php?rest_route=\/wp\/v2\/users\/6"}],"replies":[{"embeddable":true,"href":"https:\/\/sectorprensa.com.ar\/index.php?rest_route=%2Fwp%2Fv2%2Fcomments&post=66435"}],"version-history":[{"count":1,"href":"https:\/\/sectorprensa.com.ar\/index.php?rest_route=\/wp\/v2\/posts\/66435\/revisions"}],"predecessor-version":[{"id":66437,"href":"https:\/\/sectorprensa.com.ar\/index.php?rest_route=\/wp\/v2\/posts\/66435\/revisions\/66437"}],"wp:featuredmedia":[{"embeddable":true,"href":"https:\/\/sectorprensa.com.ar\/index.php?rest_route=\/wp\/v2\/media\/66436"}],"wp:attachment":[{"href":"https:\/\/sectorprensa.com.ar\/index.php?rest_route=%2Fwp%2Fv2%2Fmedia&parent=66435"}],"wp:term":[{"taxonomy":"category","embeddable":true,"href":"https:\/\/sectorprensa.com.ar\/index.php?rest_route=%2Fwp%2Fv2%2Fcategories&post=66435"},{"taxonomy":"post_tag","embeddable":true,"href":"https:\/\/sectorprensa.com.ar\/index.php?rest_route=%2Fwp%2Fv2%2Ftags&post=66435"}],"curies":[{"name":"wp","href":"https:\/\/api.w.org\/{rel}","templated":true}]}}