{"id":66590,"date":"2024-09-10T23:54:28","date_gmt":"2024-09-11T02:54:28","guid":{"rendered":"https:\/\/sectorprensa.com.ar\/?p=66590"},"modified":"2024-09-10T23:54:29","modified_gmt":"2024-09-11T02:54:29","slug":"la-ucr-rechazo-el-veto-a-la-ley-de-movilidad-jubilatoria","status":"publish","type":"post","link":"https:\/\/sectorprensa.com.ar\/?p=66590","title":{"rendered":"La UCR rechaz\u00f3 el veto a la Ley de Movilidad Jubilatoria"},"content":{"rendered":"\n<h6 class=\"wp-block-heading\"><strong>A trav\u00e9s de un comunicado, el espacio pol\u00edtico solicit\u00f3 a sus legisladores que sean \u00abcoherentes con la iniciativa y sus propios votos\u00bb.<\/strong><\/h6>\n\n\n\n<p>El gobierno nacional sufri\u00f3 otro rev\u00e9s. La Uni\u00f3n C\u00edvica Radical comunic\u00f3 este martes que rechaza el veto de Javier Milei a la Ley de Movilidad Jubilatoria, adem\u00e1s le pidi\u00f3 \u00abcoherencia\u00bb a sus Diputados y Senadores y que \u00abpreservemos los valores del partido hacia la dignidad de los jubilados\u00bb.<\/p>\n\n\n\n<p>\u00abPor los principios hist\u00f3ricos de nuestro partido, esta Convenci\u00f3n Nacional rechaza el veto presidencial, hace un llamamiento a los diputados y diputadas para que sean coherentes con la iniciativa que nuestro mismo partido hab\u00eda presentado y con sus propios votos que la hab\u00edan apoyado, y pide enf\u00e1ticamente que preservemos los valores de la Uni\u00f3n C\u00edvica Radical hacia la dignidad de nuestros jubilados\u00bb, expresaron en el texto que lleva la firma de alrededor de 700 dirigentes.<\/p>\n\n\n\n<p>Por otra parte, la UCR llam\u00f3 \u00aburgentemente a todos los legisladores, especialmente a los radicales a que honren su voto, respeten su palabra. Cumplan con el mandato de defender a nuestros jubilados\/a, como lo hicieron cuando aprobaron esta ley\u00bb.<\/p>\n\n\n\n<p>\u00abEn caso de un eventual incumplimiento a lo resuelto por esta Mesa directiva de la HCN, se dar\u00e1 inmediato traslado de lo acontecido al Tribunal Nacional de \u00c9tica de la Uni\u00f3n C\u00edvica Radical para el tratamiento de la conducta de sus afiliados y afiliadas legisladores y legisladoras que incurrieran en tal actitud\u00bb, sostuvieron.<\/p>\n\n\n\n<p>\u00abEl veto ya est\u00e1 en vigencia y algunos de los diputados que hab\u00edan votado a favor de la ley, hoy, sin sonrojarse, avisaron que acordar\u00e1n con el veto presidencial. Esta situaci\u00f3n sugiere que los votos en el Congreso no ser\u00e1n suficientes para alcanzar los dos tercios necesarios para revertir la medida\u00bb, concluyeron.<\/p>\n\n\n\n<figure class=\"wp-block-embed is-type-wp-embed is-provider-sector-prensa wp-block-embed-sector-prensa\"><div class=\"wp-block-embed__wrapper\">\n<blockquote class=\"wp-embedded-content\" data-secret=\"9C8H98LQdd\"><a href=\"https:\/\/sectorprensa.com.ar\/?p=66547\">\u00abMacri puede ayudar, pero el Presidente es Milei\u00bb<\/a><\/blockquote><iframe loading=\"lazy\" class=\"wp-embedded-content\" sandbox=\"allow-scripts\" security=\"restricted\" style=\"position: absolute; clip: rect(1px, 1px, 1px, 1px);\" title=\"\u00ab\u00abMacri puede ayudar, pero el Presidente es Milei\u00bb\u00bb \u2014 Sector Prensa\" src=\"https:\/\/sectorprensa.com.ar\/?p=66547&#038;embed=true#?secret=nEiHYlOHZM#?secret=9C8H98LQdd\" data-secret=\"9C8H98LQdd\" width=\"600\" height=\"338\" frameborder=\"0\" marginwidth=\"0\" marginheight=\"0\" scrolling=\"no\"><\/iframe>\n<\/div><\/figure>\n","protected":false},"excerpt":{"rendered":"<p>A trav\u00e9s de un comunicado, el espacio pol\u00edtico solicit\u00f3 a sus legisladores que sean \u00abcoherentes con la iniciativa y sus<\/p>\n","protected":false},"author":5,"featured_media":66591,"comment_status":"closed","ping_status":"closed","sticky":false,"template":"","format":"standard","meta":{"colormag_page_container_layout":"default_layout","colormag_page_sidebar_layout":"default_layout","footnotes":""},"categories":[17,8],"tags":[9033,8229,9030],"class_list":["post-66590","post","type-post","status-publish","format-standard","has-post-thumbnail","hentry","category-destacadas","category-politica","tag-ley-de-movilidad-jubilatoria","tag-union-civica-radical","tag-veto"],"_links":{"self":[{"href":"https:\/\/sectorprensa.com.ar\/index.php?rest_route=\/wp\/v2\/posts\/66590","targetHints":{"allow":["GET"]}}],"collection":[{"href":"https:\/\/sectorprensa.com.ar\/index.php?rest_route=\/wp\/v2\/posts"}],"about":[{"href":"https:\/\/sectorprensa.com.ar\/index.php?rest_route=\/wp\/v2\/types\/post"}],"author":[{"embeddable":true,"href":"https:\/\/sectorprensa.com.ar\/index.php?rest_route=\/wp\/v2\/users\/5"}],"replies":[{"embeddable":true,"href":"https:\/\/sectorprensa.com.ar\/index.php?rest_route=%2Fwp%2Fv2%2Fcomments&post=66590"}],"version-history":[{"count":1,"href":"https:\/\/sectorprensa.com.ar\/index.php?rest_route=\/wp\/v2\/posts\/66590\/revisions"}],"predecessor-version":[{"id":66599,"href":"https:\/\/sectorprensa.com.ar\/index.php?rest_route=\/wp\/v2\/posts\/66590\/revisions\/66599"}],"wp:featuredmedia":[{"embeddable":true,"href":"https:\/\/sectorprensa.com.ar\/index.php?rest_route=\/wp\/v2\/media\/66591"}],"wp:attachment":[{"href":"https:\/\/sectorprensa.com.ar\/index.php?rest_route=%2Fwp%2Fv2%2Fmedia&parent=66590"}],"wp:term":[{"taxonomy":"category","embeddable":true,"href":"https:\/\/sectorprensa.com.ar\/index.php?rest_route=%2Fwp%2Fv2%2Fcategories&post=66590"},{"taxonomy":"post_tag","embeddable":true,"href":"https:\/\/sectorprensa.com.ar\/index.php?rest_route=%2Fwp%2Fv2%2Ftags&post=66590"}],"curies":[{"name":"wp","href":"https:\/\/api.w.org\/{rel}","templated":true}]}}