{"id":66609,"date":"2024-09-12T09:54:37","date_gmt":"2024-09-12T12:54:37","guid":{"rendered":"https:\/\/sectorprensa.com.ar\/?p=66609"},"modified":"2024-09-12T09:54:38","modified_gmt":"2024-09-12T12:54:38","slug":"con-gran-exito-finalizo-la-expo-industria-2024-en-moreno-promover-el-desarrollo-de-las-pymes","status":"publish","type":"post","link":"https:\/\/sectorprensa.com.ar\/?p=66609","title":{"rendered":"Con gran \u00e9xito finaliz\u00f3 la Expo Industria 2024 en Moreno: \u201cPromover el desarrollo de las pymes\u201d"},"content":{"rendered":"\n<h6 class=\"wp-block-heading\"><strong>Para fortalecer la capacidad y el crecimiento industrial local, y acompa\u00f1ar el desarrollo de las f\u00e1bricas y empresas que eligen al distrito para instalarse y generar nuevos puestos de trabajo para la comunidad morenense.<\/strong><\/h6>\n\n\n\n<p>En el Parque Industrial Municipal II, durante dos encuentros intensivos se llev\u00f3 a cabo la tercera edici\u00f3n de la Expo Industria con el objetivo de exhibir el crecimiento de la industria local y generar un \u00e1mbito de encuentro para las industrias, empresas prestadoras de servicios y actores productivos que est\u00e1n instalados o desean radicarse en Moreno.<\/p>\n\n\n\n<p>Asimismo, tuvo lugar la 13\u00b0 edici\u00f3n de la Ronda de Negocios Multisectorial Moreno 2024, un evento organizado desde la Subsecretar\u00eda de Industria y Comercio en conjunto con el Ministerio de Producci\u00f3n, Ciencia e Innovaci\u00f3n Tecnol\u00f3gica de la Provincia de Buenos Aires en la que participaron 200 empresas y se concretaron 1000 entrevistas entre las y los asistentes. La exposici\u00f3n estuvo encabezada por la intendenta Mariel Fern\u00e1ndez y el gobernador bonaerense, Axel Kicillof.<\/p>\n\n\n\n<p>Durante el encuentro, la jefa comunal expres\u00f3: \u201cFrente a un Gobierno Nacional que no cree en la industria, junto al Gobierno provincial seguimos trabajando con mucho esfuerzo para lograr todos los objetivos que nos propusimos, como es promover el desarrollo de las pymes y crear trabajo para todos los habitantes de nuestro municipio\u201d.<\/p>\n\n\n\n<figure class=\"wp-block-embed is-type-rich is-provider-twitter wp-block-embed-twitter\"><div class=\"wp-block-embed__wrapper\">\n<blockquote class=\"twitter-tweet\" data-width=\"550\" data-dnt=\"true\"><p lang=\"es\" dir=\"ltr\">\ud83c\udfed \u00a1Expo Industria 2024!<br><br>\u00a1Gracias a todas y todos ser parte! \u2699\ufe0f <a href=\"https:\/\/t.co\/RA6udzXaUo\">pic.twitter.com\/RA6udzXaUo<\/a><\/p>&mdash; Moreno (@MorenoMunicip) <a href=\"https:\/\/twitter.com\/MorenoMunicip\/status\/1832910146185433564?ref_src=twsrc%5Etfw\">September 8, 2024<\/a><\/blockquote><script async src=\"https:\/\/platform.twitter.com\/widgets.js\" charset=\"utf-8\"><\/script>\n<\/div><\/figure>\n\n\n\n<p>En este marco, se present\u00f3 el Plan Estrat\u00e9gico de Ciencia y Tecnolog\u00eda del Gobierno municipal dirigido por destacados referentes en Ciencia, Tecnolog\u00eda e Innovaci\u00f3n a nivel nacional, provincial y local, este propone pol\u00edticas orientadas a la vinculaci\u00f3n, intermediaci\u00f3n y articulaci\u00f3n con la comunidad y el ecosistema cient\u00edfico-tecnol\u00f3gico, promoviendo la creaci\u00f3n de alianzas estrat\u00e9gicas con universidades, centros de investigaci\u00f3n, empresas y otros municipios.<\/p>\n\n\n\n<p>La visitaron cientos de personas entre estudiantes secundarios, de escuelas t\u00e9cnicas y terciarios; empresarios; c\u00e1maras empresariales y autoridades municipales y regionales y en el cierre, Mariel Fern\u00e1ndez entreg\u00f3 reconocimientos a las empresas locales que se destacan por sus valores.<\/p>\n\n\n\n<p>Para m\u00e1s informaci\u00f3n pueden visitar las redes sociales de la Subsecretaria de Industria y Comercio @morenoesindustria<\/p>\n\n\n\n<figure class=\"wp-block-embed is-type-wp-embed is-provider-sector-prensa wp-block-embed-sector-prensa\"><div class=\"wp-block-embed__wrapper\">\n<blockquote class=\"wp-embedded-content\" data-secret=\"ga24KUgAwJ\"><a href=\"https:\/\/sectorprensa.com.ar\/?p=66461\">Kicillof inaugur\u00f3 el nuevo edificio del Jard\u00edn de Infantes N\u00b0 927 en Moreno: \u201cEste es el rumbo para mejorar la educaci\u00f3n p\u00fablica\u201d<\/a><\/blockquote><iframe loading=\"lazy\" class=\"wp-embedded-content\" sandbox=\"allow-scripts\" security=\"restricted\" style=\"position: absolute; clip: rect(1px, 1px, 1px, 1px);\" title=\"\u00abKicillof inaugur\u00f3 el nuevo edificio del Jard\u00edn de Infantes N\u00b0 927 en Moreno: \u201cEste es el rumbo para mejorar la educaci\u00f3n p\u00fablica\u201d\u00bb \u2014 Sector Prensa\" src=\"https:\/\/sectorprensa.com.ar\/?p=66461&#038;embed=true#?secret=sSYlsSpVye#?secret=ga24KUgAwJ\" data-secret=\"ga24KUgAwJ\" width=\"600\" height=\"338\" frameborder=\"0\" marginwidth=\"0\" marginheight=\"0\" scrolling=\"no\"><\/iframe>\n<\/div><\/figure>\n","protected":false},"excerpt":{"rendered":"<p>Para fortalecer la capacidad y el crecimiento industrial local, y acompa\u00f1ar el desarrollo de las f\u00e1bricas y empresas que eligen<\/p>\n","protected":false},"author":6,"featured_media":66610,"comment_status":"closed","ping_status":"closed","sticky":false,"template":"","format":"standard","meta":{"colormag_page_container_layout":"default_layout","colormag_page_sidebar_layout":"default_layout","footnotes":""},"categories":[17,2154,1173,10],"tags":[238,2898,437],"class_list":["post-66609","post","type-post","status-publish","format-standard","has-post-thumbnail","hentry","category-destacadas","category-moreno","category-municipales","category-sociedad","tag-expo-industria","tag-mariel-fernandez","tag-moreno"],"_links":{"self":[{"href":"https:\/\/sectorprensa.com.ar\/index.php?rest_route=\/wp\/v2\/posts\/66609","targetHints":{"allow":["GET"]}}],"collection":[{"href":"https:\/\/sectorprensa.com.ar\/index.php?rest_route=\/wp\/v2\/posts"}],"about":[{"href":"https:\/\/sectorprensa.com.ar\/index.php?rest_route=\/wp\/v2\/types\/post"}],"author":[{"embeddable":true,"href":"https:\/\/sectorprensa.com.ar\/index.php?rest_route=\/wp\/v2\/users\/6"}],"replies":[{"embeddable":true,"href":"https:\/\/sectorprensa.com.ar\/index.php?rest_route=%2Fwp%2Fv2%2Fcomments&post=66609"}],"version-history":[{"count":2,"href":"https:\/\/sectorprensa.com.ar\/index.php?rest_route=\/wp\/v2\/posts\/66609\/revisions"}],"predecessor-version":[{"id":66613,"href":"https:\/\/sectorprensa.com.ar\/index.php?rest_route=\/wp\/v2\/posts\/66609\/revisions\/66613"}],"wp:featuredmedia":[{"embeddable":true,"href":"https:\/\/sectorprensa.com.ar\/index.php?rest_route=\/wp\/v2\/media\/66610"}],"wp:attachment":[{"href":"https:\/\/sectorprensa.com.ar\/index.php?rest_route=%2Fwp%2Fv2%2Fmedia&parent=66609"}],"wp:term":[{"taxonomy":"category","embeddable":true,"href":"https:\/\/sectorprensa.com.ar\/index.php?rest_route=%2Fwp%2Fv2%2Fcategories&post=66609"},{"taxonomy":"post_tag","embeddable":true,"href":"https:\/\/sectorprensa.com.ar\/index.php?rest_route=%2Fwp%2Fv2%2Ftags&post=66609"}],"curies":[{"name":"wp","href":"https:\/\/api.w.org\/{rel}","templated":true}]}}