{"id":66622,"date":"2024-09-11T23:35:00","date_gmt":"2024-09-12T02:35:00","guid":{"rendered":"https:\/\/sectorprensa.com.ar\/?p=66622"},"modified":"2024-09-12T09:34:42","modified_gmt":"2024-09-12T12:34:42","slug":"el-gobierno-le-niega-un-aumenot-a-los-jubilados-de-poco-mas-de-480-pesos-por-dia","status":"publish","type":"post","link":"https:\/\/sectorprensa.com.ar\/?p=66622","title":{"rendered":"\u00abEl gobierno le niega un aumento a los jubilados de poco m\u00e1s de 480 pesos por d\u00eda\u00bb"},"content":{"rendered":"\n<h6 class=\"wp-block-heading\"><strong>Rodolfo Aguiar, Secretario General de ATE, se refiri\u00f3 al veto de la reforma jubilatoria y sostuvo que el gobierno busca \u00abfavorecer el retorno de las AFJP\u00bb. Por otra parte, detall\u00f3 la situaci\u00f3n de los trabajadores del Estado.<\/strong><\/h6>\n\n\n\n<p>Este mi\u00e9rcoles se llev\u00f3 a cabo una manifestaci\u00f3n en las afueras del Congreso por la votaci\u00f3n sobre el veto a la Ley de Movilidad, el cual qued\u00f3 establecido debido a la aprobaci\u00f3n de los Diputados. En ese marco, el Secretario General de ATE, Rodolfo Aguiar, sostuvo que el Presidente Javier Milei \u00abse niega a dar un aumento de poco m\u00e1s de 480 pesos por d\u00eda a los jubilados\u00bb y que su gobierno busca \u00abel retorno de las AFJP para hacer negocios con nuestros aportes\u00bb. Luego, opin\u00f3 sobre la decisi\u00f3n de la CGT de no haber convocado a un paro como lo hizo su gremio. Por otra parte, habl\u00f3 sobre la situaci\u00f3n de los estatales y remarc\u00f3 que \u00aben nueve meses perdimos m\u00e1s del 30% del poder adquisitivo\u00bb, adem\u00e1s de que en cada mes hay \u00abuna ola de despidos\u00bb.<\/p>\n\n\n\n<p>\u00abNosotros desde ATE hemos convocado a un paro de 24 horas en todo el pa\u00eds, en Capital Federal vamos a retirarnos de todos los sectores de trabajo, a partir del mediod\u00eda\u00bb, anunci\u00f3 en di\u00e1logo con Radio B\u00fanker 94.9, en el programa \u00abEl Tanke de B\u00fanker\u00bb.<\/p>\n\n\n\n<p>El veto a la Ley de Movilidad: \u00abSi se dividen los 15 mil pesos por los 30 d\u00edas que tiene el mes, el Presidente le quiere negar un aumento a los jubilados de poco m\u00e1s de 480 pesos por d\u00eda. Adem\u00e1s, est\u00e1 clara la intenci\u00f3n del gobierno de desfinanciar al sistema para favorecer el retorno de las AFJP, volver a privatizar la seguridad social y que hagan negocios con nuestros aportes los bancos y multinacionales\u00bb, sostuvo Aguiar.<\/p>\n\n\n\n<p>Las paritarias de los trabajadores del Estado: \u00abEste gobierno que encabeza Milei, decidi\u00f3 congelar los salarios en la administraci\u00f3n p\u00fablica. Nos dio un 2% para septiembre y 1% para octubre, eso no se corresponde con un tercio de la evoluci\u00f3n de los precios y de la inflaci\u00f3n oficial. El sector p\u00fablico es uno de los m\u00e1s castigados por este gobierno, en tan solo nueve meses hemos perdido m\u00e1s de un 30% de nuestro poder adquisitivo\u00bb, detall\u00f3.<\/p>\n\n\n\n<p>Los despidos en el sector: \u00abA fin de mes, el \u00faltimo d\u00eda h\u00e1bil de septiembre, vuelven a anunciar m\u00e1s de 65 mil v\u00ednculos laborales en la administraci\u00f3n p\u00fablica. Este gobierno reprecariza a los trabajadores. Han decidido renovar los contratos solamente por 90 d\u00edas, tenemos una guillotina que cada tres meses cae sobre los estatales. La conflictividad va a ir en aumento porque tenemos que evitar que el gobierno vuelva a avanzar en una nueva ola de despidos\u00bb, manifest\u00f3.<\/p>\n\n\n\n<p>Adem\u00e1s, el dirigente sindical asegur\u00f3 que \u00abparalelamente, incorporan a sus amigos. Adorni incorpor\u00f3 a m\u00e1s de cien personas desde que ocupa ese rol, con sueldos que implican un gasto de m\u00e1s de 300 millones de pesos\u00bb.<\/p>\n\n\n\n<p>La decisi\u00f3n de la CGT al no convocar a un paro: \u00abNo solo hoy debi\u00f3 hacerlo. Creo que el movimiento obrero y sus representaciones est\u00e1n siendo fuertemente desafiados, tenemos un gobierno que quiere instaurar el mismo programa econ\u00f3mico que la \u00faltima dictadura militar\u00bb, dijo.<\/p>\n\n\n\n<figure class=\"wp-block-embed is-type-wp-embed is-provider-sector-prensa wp-block-embed-sector-prensa\"><div class=\"wp-block-embed__wrapper\">\n<blockquote class=\"wp-embedded-content\" data-secret=\"17w580Vs2W\"><a href=\"https:\/\/sectorprensa.com.ar\/?p=66575\">Ley de Movilidad: \u00absi Milei va a la justicia recibir\u00e1 un nuevo fiasco\u00bb<\/a><\/blockquote><iframe loading=\"lazy\" class=\"wp-embedded-content\" sandbox=\"allow-scripts\" security=\"restricted\" style=\"position: absolute; clip: rect(1px, 1px, 1px, 1px);\" title=\"\u00abLey de Movilidad: \u00absi Milei va a la justicia recibir\u00e1 un nuevo fiasco\u00bb\u00bb \u2014 Sector Prensa\" src=\"https:\/\/sectorprensa.com.ar\/?p=66575&#038;embed=true#?secret=vGa0gB2zKJ#?secret=17w580Vs2W\" data-secret=\"17w580Vs2W\" width=\"600\" height=\"338\" frameborder=\"0\" marginwidth=\"0\" marginheight=\"0\" scrolling=\"no\"><\/iframe>\n<\/div><\/figure>\n","protected":false},"excerpt":{"rendered":"<p>Rodolfo Aguiar, Secretario General de ATE, se refiri\u00f3 al veto de la reforma jubilatoria y sostuvo que el gobierno busca<\/p>\n","protected":false},"author":5,"featured_media":66623,"comment_status":"closed","ping_status":"closed","sticky":false,"template":"","format":"standard","meta":{"colormag_page_container_layout":"default_layout","colormag_page_sidebar_layout":"default_layout","footnotes":""},"categories":[6828,8],"tags":[908,4742],"class_list":["post-66622","post","type-post","status-publish","format-standard","has-post-thumbnail","hentry","category-mas-destacadas","category-politica","tag-ate","tag-rodolfo-aguiar"],"_links":{"self":[{"href":"https:\/\/sectorprensa.com.ar\/index.php?rest_route=\/wp\/v2\/posts\/66622","targetHints":{"allow":["GET"]}}],"collection":[{"href":"https:\/\/sectorprensa.com.ar\/index.php?rest_route=\/wp\/v2\/posts"}],"about":[{"href":"https:\/\/sectorprensa.com.ar\/index.php?rest_route=\/wp\/v2\/types\/post"}],"author":[{"embeddable":true,"href":"https:\/\/sectorprensa.com.ar\/index.php?rest_route=\/wp\/v2\/users\/5"}],"replies":[{"embeddable":true,"href":"https:\/\/sectorprensa.com.ar\/index.php?rest_route=%2Fwp%2Fv2%2Fcomments&post=66622"}],"version-history":[{"count":2,"href":"https:\/\/sectorprensa.com.ar\/index.php?rest_route=\/wp\/v2\/posts\/66622\/revisions"}],"predecessor-version":[{"id":66625,"href":"https:\/\/sectorprensa.com.ar\/index.php?rest_route=\/wp\/v2\/posts\/66622\/revisions\/66625"}],"wp:featuredmedia":[{"embeddable":true,"href":"https:\/\/sectorprensa.com.ar\/index.php?rest_route=\/wp\/v2\/media\/66623"}],"wp:attachment":[{"href":"https:\/\/sectorprensa.com.ar\/index.php?rest_route=%2Fwp%2Fv2%2Fmedia&parent=66622"}],"wp:term":[{"taxonomy":"category","embeddable":true,"href":"https:\/\/sectorprensa.com.ar\/index.php?rest_route=%2Fwp%2Fv2%2Fcategories&post=66622"},{"taxonomy":"post_tag","embeddable":true,"href":"https:\/\/sectorprensa.com.ar\/index.php?rest_route=%2Fwp%2Fv2%2Ftags&post=66622"}],"curies":[{"name":"wp","href":"https:\/\/api.w.org\/{rel}","templated":true}]}}