{"id":66767,"date":"2024-09-17T17:40:16","date_gmt":"2024-09-17T20:40:16","guid":{"rendered":"https:\/\/sectorprensa.com.ar\/?p=66767"},"modified":"2024-09-17T17:40:17","modified_gmt":"2024-09-17T20:40:17","slug":"merlo-octava-marcha-de-estudiantes","status":"publish","type":"post","link":"https:\/\/sectorprensa.com.ar\/?p=66767","title":{"rendered":"Merlo: octava marcha de estudiantes"},"content":{"rendered":"\n<h6 class=\"wp-block-heading\"><strong>La misma estuvo organizada por la Subsecretar\u00eda de Juventudes y se llev\u00f3 a cabo bajo el lema de \u201cLos l\u00e1pices no se olvidan, su lucha contin\u00faa\u201d.<\/strong><\/h6>\n\n\n\n<p>En el marco de un nuevo aniversario de la Noche de los L\u00e1pices y del D\u00eda de los Derechos del Estudiante Secundario, se realiz\u00f3 la octava marcha de estudiantes en Merlo. El inicio de la misma fue en la estaci\u00f3n y finaliz\u00f3 en la Casa de la Cultura. Participaron alumnos, autoridades, referentes de instituciones educativas, centro de estudiantes y familiares de estudiantes detenidos y desaparecidos en la \u00faltima dictadura c\u00edvico-militar.<\/p>\n\n\n\n<p>Una vez llegado al destino mencionado, los integrantes de los distintos centros brindaron un discurso. Luego, se realiz\u00f3 un show musical con bandas locales.<\/p>\n\n\n\n<p>\u201cRecordamos la gesta de la noche de los l\u00e1pices, donde muchos estudiantes fueron detenidos y desaparecidos. Por eso, este 16 de septiembre, los recordamos y marchamos por ellos\u00bb, expres\u00f3 el Intendente Gustavo Men\u00e9ndez.<\/p>\n\n\n\n<p>Por su parte, Natalia Luxen, Subsecretaria de Juventudes, afirm\u00f3 que los estudiantes \u00abest\u00e1n cada vez m\u00e1s comprometidos\u00bb y resalt\u00f3 que \u201cfue una marcha enorme, que convoc\u00f3 a diversos centros de estudiantes, organizaciones pol\u00edticas y sociales\u00bb.<\/p>\n\n\n\n<figure class=\"wp-block-embed is-type-wp-embed is-provider-sector-prensa wp-block-embed-sector-prensa\"><div class=\"wp-block-embed__wrapper\">\n<blockquote class=\"wp-embedded-content\" data-secret=\"h3S0ygKfXo\"><a href=\"https:\/\/sectorprensa.com.ar\/?p=66728\">Merlo: carrera barrial por la salud mental<\/a><\/blockquote><iframe loading=\"lazy\" class=\"wp-embedded-content\" sandbox=\"allow-scripts\" security=\"restricted\" style=\"position: absolute; clip: rect(1px, 1px, 1px, 1px);\" title=\"\u00abMerlo: carrera barrial por la salud mental\u00bb \u2014 Sector Prensa\" src=\"https:\/\/sectorprensa.com.ar\/?p=66728&#038;embed=true#?secret=3C7Jr3EODl#?secret=h3S0ygKfXo\" data-secret=\"h3S0ygKfXo\" width=\"600\" height=\"338\" frameborder=\"0\" marginwidth=\"0\" marginheight=\"0\" scrolling=\"no\"><\/iframe>\n<\/div><\/figure>\n","protected":false},"excerpt":{"rendered":"<p>La misma estuvo organizada por la Subsecretar\u00eda de Juventudes y se llev\u00f3 a cabo bajo el lema de \u201cLos l\u00e1pices<\/p>\n","protected":false},"author":5,"featured_media":66768,"comment_status":"closed","ping_status":"closed","sticky":false,"template":"","format":"standard","meta":{"colormag_page_container_layout":"default_layout","colormag_page_sidebar_layout":"default_layout","footnotes":""},"categories":[17,7,1173],"tags":[8114,8113,25],"class_list":["post-66767","post","type-post","status-publish","format-standard","has-post-thumbnail","hentry","category-destacadas","category-merlo","category-municipales","tag-dia-de-los-derechos-del-estudiante-secundario","tag-marcha-de-estudiantes","tag-merlo"],"_links":{"self":[{"href":"https:\/\/sectorprensa.com.ar\/index.php?rest_route=\/wp\/v2\/posts\/66767","targetHints":{"allow":["GET"]}}],"collection":[{"href":"https:\/\/sectorprensa.com.ar\/index.php?rest_route=\/wp\/v2\/posts"}],"about":[{"href":"https:\/\/sectorprensa.com.ar\/index.php?rest_route=\/wp\/v2\/types\/post"}],"author":[{"embeddable":true,"href":"https:\/\/sectorprensa.com.ar\/index.php?rest_route=\/wp\/v2\/users\/5"}],"replies":[{"embeddable":true,"href":"https:\/\/sectorprensa.com.ar\/index.php?rest_route=%2Fwp%2Fv2%2Fcomments&post=66767"}],"version-history":[{"count":1,"href":"https:\/\/sectorprensa.com.ar\/index.php?rest_route=\/wp\/v2\/posts\/66767\/revisions"}],"predecessor-version":[{"id":66769,"href":"https:\/\/sectorprensa.com.ar\/index.php?rest_route=\/wp\/v2\/posts\/66767\/revisions\/66769"}],"wp:featuredmedia":[{"embeddable":true,"href":"https:\/\/sectorprensa.com.ar\/index.php?rest_route=\/wp\/v2\/media\/66768"}],"wp:attachment":[{"href":"https:\/\/sectorprensa.com.ar\/index.php?rest_route=%2Fwp%2Fv2%2Fmedia&parent=66767"}],"wp:term":[{"taxonomy":"category","embeddable":true,"href":"https:\/\/sectorprensa.com.ar\/index.php?rest_route=%2Fwp%2Fv2%2Fcategories&post=66767"},{"taxonomy":"post_tag","embeddable":true,"href":"https:\/\/sectorprensa.com.ar\/index.php?rest_route=%2Fwp%2Fv2%2Ftags&post=66767"}],"curies":[{"name":"wp","href":"https:\/\/api.w.org\/{rel}","templated":true}]}}