{"id":66770,"date":"2024-09-17T20:21:58","date_gmt":"2024-09-17T23:21:58","guid":{"rendered":"https:\/\/sectorprensa.com.ar\/?p=66770"},"modified":"2024-09-17T20:21:59","modified_gmt":"2024-09-17T23:21:59","slug":"veo-necesario-un-acuerdo-nacional-para-defender-la-soberania-nacional","status":"publish","type":"post","link":"https:\/\/sectorprensa.com.ar\/?p=66770","title":{"rendered":"\u00abVeo necesario un acuerdo nacional para defender la soberan\u00eda nacional\u00bb"},"content":{"rendered":"\n<h6 class=\"wp-block-heading\"><strong>Federico Storani, referente de la Uni\u00f3n C\u00edvica Radical, dijo que \u00absolamente puede hacerse ampliando la base de sustentaci\u00f3n sobre bases de coincidencia\u00bb. Por otra parte, se refiri\u00f3 al voto sobre el veto al financiamiento universitario y asegur\u00f3 que \u00abva a ser muy dif\u00edcil que acompa\u00f1e el radicalismo\u00bb.<\/strong><\/h6>\n\n\n\n<p>Este martes el Presidente Javier Milei invit\u00f3 a los 87 Diputados que aprobaron el veto a la Ley de Movilidad Jubilatoria, con quienes compartir\u00e1 un asado en Olivos, y entre ellos se encuentran algunos pertenecientes al radicalismo. Por el cambio en la decisi\u00f3n sobre la normativa y esta acci\u00f3n, el espacio decidi\u00f3 suspender a los legisladores. El referente de la Uni\u00f3n C\u00edvica Radical, Federico Storani, se pronunci\u00f3 a favor de esta sanci\u00f3n durante una entrevista y afirm\u00f3 que \u00abno acompa\u00f1ar\u00e1n el veto al financiamiento\u00bb universitario debido a que \u00abtenemos agrupaciones universitarias numerosas\u00bb. Adem\u00e1s, apunt\u00f3 contra el gobierno nacional y sostuvo que realizaron \u00abun cambio francamente negativo\u00bb. En ese marco, dijo que \u00abveo necesario un acuerdo nacional para defender la soberan\u00eda nacional\u00bb.<\/p>\n\n\n\n<p>\u00abEn general. creo que toda la pol\u00edtica argentina est\u00e1 fuertemente atravesada por un debate, por una crisis. Tal vez sea bienvenida para separar la paja del trigo y limpiar un poco, gran parte del peronismo, menemismo, est\u00e1 en el gobierno y es notorio. Por otra parte, el gobierno de Milei elogia permanentemente a Menem como uno de sus ejemplos. No nos olvidemos de Daniel Scioli, quien fue Vicepresidente y dos veces Gobernador de la provincia de Buenos Aires, candidato a Presidente. Los Gobernadores de Catamarca, Tucum\u00e1n. Y tambi\u00e9n, estos claudicantes del radicalismos que felizmente se los ha suspendido\u00bb, sostuvo en di\u00e1logo con Radio B\u00fanker 94.9, en el programa \u00abEl Tanke de B\u00fanker\u00bb.<\/p>\n\n\n\n<p> \u00abYo estoy a favor de esta suspensi\u00f3n, que debe terminar, cuando pase por el tribunal de \u00e9tica y conducta, en expulsi\u00f3n, en raz\u00f3n de que veinte d\u00edas antes hab\u00edan votado por la recomposici\u00f3n de los haberes jubilatorios y luego cambiaron su voto. Adem\u00e1s, era un proyecto de origen radical. Eso es panquequear y transfuguismo\u00bb, agreg\u00f3.<\/p>\n\n\n\n<p>\u00abLos Diputados son electos en forma directa, por lo tanto, son los representantes del pueblo. No hay forma de modificar el mandato que han recibido. Ahora, otra cosa es la coherencia, yo creo que deber\u00eda implementarse una manifestaci\u00f3n por escrito y p\u00fablica que est\u00e1n en condiciones de tomar de aceptar una disciplina tomada por la mayor\u00eda de un bloque parlamentario. Eso ocurre en pa\u00edses como Espa\u00f1a, que se los llama tr\u00e1nsfugas y los pueden excluir del cuerpo, pero en nuestra legislaci\u00f3n no existe\u00bb, complet\u00f3.<\/p>\n\n\n\n<p>El voto sobre el veto al financiamiento universitario: \u00abCreo que van a estar en mayores dificultades, porque toda la cuesti\u00f3n de la defensa de la universidad p\u00fablica y su financiamiento que est\u00e1 gravemente afectada, es una vena muy sensible del radicalismo. Nosotros tenemos las agrupaciones universitarias m\u00e1s numerosas, con una fuerte din\u00e1mica, y va a ser muy dif\u00edcil que puedan acompa\u00f1ar ese veto\u00bb, asegur\u00f3 Storani.<\/p>\n\n\n\n<p>La posibilidad de crear un acuerdo para defender la soberan\u00eda nacional: \u00abLo veo necesario, posible tambi\u00e9n pero hay que trabajarlo. El gobierno vino a proponer un cambio, eso es un concepto neutro, no es positivo ni negativo. Desde mi punto de vista, es francamente negativo. Generalmente, el concepto de cambio se lo asocia a lo nuevo, esto no tiene nada de nuevo. Ac\u00e1 esto ya se ensay\u00f3 en la \u00e9poca de Mart\u00ednez de Oz, en plena dictadura militar, y eliminaba todo tipo de posesi\u00f3n. Se ensay\u00f3 tambi\u00e9n la etapa de Menem y Cavallo, que es el modelo que permanentemente admira Milei, y fracas\u00f3. Se ensay\u00f3 tambi\u00e9n durante la etapa de Macri. Cu\u00e1l es la \u00fanica diferencia, que la autocr\u00edtica que se hace es que en aquellas oportunidades se hizo gradualmente y ahora lo hacen empleando el shock. Est\u00e1 claro que es un modelo que hay que modificar, eso solamente puede hacerse ampliando la base de sustentaci\u00f3n sobre bases de coincidencia\u00bb, destac\u00f3.<\/p>\n\n\n\n<p>Podr\u00eda darse una uni\u00f3n entre el peronismo y radicalismo: \u00abCreo que s\u00ed, insisto en que es necesario hacerlo. Hay que buscar los denominadores comunes que pueden convertirse en pol\u00edticas de Estado. No hace falta que nadie pierda la identidad, se trata de ir convergiendo hacia l\u00edneas comunes. Un sector del radicalismo, que nos identificamos m\u00e1s que nada con el pensamiento de Alfons\u00edn, abrevamos de una fuente que podr\u00edamos decir que es social democracia moderna. Y existen sectores del peronismo que tienen una fuente que es el social cristianismo, es decir, existe un punto de convergencia\u00bb, afirm\u00f3.<\/p>\n\n\n\n<figure class=\"wp-block-embed is-type-wp-embed is-provider-sector-prensa wp-block-embed-sector-prensa\"><div class=\"wp-block-embed__wrapper\">\n<blockquote class=\"wp-embedded-content\" data-secret=\"YuUK0bvcTJ\"><a href=\"https:\/\/sectorprensa.com.ar\/?p=66622\">\u00abEl gobierno le niega un aumento a los jubilados de poco m\u00e1s de 480 pesos por d\u00eda\u00bb<\/a><\/blockquote><iframe loading=\"lazy\" class=\"wp-embedded-content\" sandbox=\"allow-scripts\" security=\"restricted\" style=\"position: absolute; clip: rect(1px, 1px, 1px, 1px);\" title=\"\u00ab\u00abEl gobierno le niega un aumento a los jubilados de poco m\u00e1s de 480 pesos por d\u00eda\u00bb\u00bb \u2014 Sector Prensa\" src=\"https:\/\/sectorprensa.com.ar\/?p=66622&#038;embed=true#?secret=83SSy0CSjO#?secret=YuUK0bvcTJ\" data-secret=\"YuUK0bvcTJ\" width=\"600\" height=\"338\" frameborder=\"0\" marginwidth=\"0\" marginheight=\"0\" scrolling=\"no\"><\/iframe>\n<\/div><\/figure>\n","protected":false},"excerpt":{"rendered":"<p>Federico Storani, referente de la Uni\u00f3n C\u00edvica Radical, dijo que \u00absolamente puede hacerse ampliando la base de sustentaci\u00f3n sobre bases<\/p>\n","protected":false},"author":5,"featured_media":66774,"comment_status":"closed","ping_status":"closed","sticky":false,"template":"","format":"standard","meta":{"colormag_page_container_layout":"default_layout","colormag_page_sidebar_layout":"default_layout","footnotes":""},"categories":[17,8],"tags":[7967,8229],"class_list":["post-66770","post","type-post","status-publish","format-standard","has-post-thumbnail","hentry","category-destacadas","category-politica","tag-federico-storani","tag-union-civica-radical"],"_links":{"self":[{"href":"https:\/\/sectorprensa.com.ar\/index.php?rest_route=\/wp\/v2\/posts\/66770","targetHints":{"allow":["GET"]}}],"collection":[{"href":"https:\/\/sectorprensa.com.ar\/index.php?rest_route=\/wp\/v2\/posts"}],"about":[{"href":"https:\/\/sectorprensa.com.ar\/index.php?rest_route=\/wp\/v2\/types\/post"}],"author":[{"embeddable":true,"href":"https:\/\/sectorprensa.com.ar\/index.php?rest_route=\/wp\/v2\/users\/5"}],"replies":[{"embeddable":true,"href":"https:\/\/sectorprensa.com.ar\/index.php?rest_route=%2Fwp%2Fv2%2Fcomments&post=66770"}],"version-history":[{"count":1,"href":"https:\/\/sectorprensa.com.ar\/index.php?rest_route=\/wp\/v2\/posts\/66770\/revisions"}],"predecessor-version":[{"id":66775,"href":"https:\/\/sectorprensa.com.ar\/index.php?rest_route=\/wp\/v2\/posts\/66770\/revisions\/66775"}],"wp:featuredmedia":[{"embeddable":true,"href":"https:\/\/sectorprensa.com.ar\/index.php?rest_route=\/wp\/v2\/media\/66774"}],"wp:attachment":[{"href":"https:\/\/sectorprensa.com.ar\/index.php?rest_route=%2Fwp%2Fv2%2Fmedia&parent=66770"}],"wp:term":[{"taxonomy":"category","embeddable":true,"href":"https:\/\/sectorprensa.com.ar\/index.php?rest_route=%2Fwp%2Fv2%2Fcategories&post=66770"},{"taxonomy":"post_tag","embeddable":true,"href":"https:\/\/sectorprensa.com.ar\/index.php?rest_route=%2Fwp%2Fv2%2Ftags&post=66770"}],"curies":[{"name":"wp","href":"https:\/\/api.w.org\/{rel}","templated":true}]}}