{"id":66801,"date":"2024-09-19T09:35:27","date_gmt":"2024-09-19T12:35:27","guid":{"rendered":"https:\/\/sectorprensa.com.ar\/?p=66801"},"modified":"2024-09-19T09:35:28","modified_gmt":"2024-09-19T12:35:28","slug":"la-libertad-avanza-fue-reconocido-definitivamente-como-partido-politico-en-la-provincia","status":"publish","type":"post","link":"https:\/\/sectorprensa.com.ar\/?p=66801","title":{"rendered":"La Libertad Avanza fue reconocido definitivamente como partido pol\u00edtico en la provincia"},"content":{"rendered":"\n<h6 class=\"wp-block-heading\"><strong>As\u00ed lo determin\u00f3 el juez federal Alejo Ramos Padilla. Lo presidir\u00e1 Sebasti\u00e1n Pareja, actual subsecretario de Integraci\u00f3n Socio-Urbana.<\/strong><\/h6>\n\n\n\n<p>El juez federal Alejo Ramos Padilla, con competencia electoral en territorio bonaerense, aprob\u00f3 hoy la personer\u00eda jur\u00eddico-pol\u00edtica definitiva de La Libertad Avanza (LLA) y, de esta manera, la fuerza del presidente se constituy\u00f3 como partido en la provincia de Buenos Aires.<\/p>\n\n\n\n<p>\u201cEstamos muy contentos de anunciar que hoy la Justicia Electoral determin\u00f3 que LLA es oficialmente un partido en el distrito m\u00e1s grande del pa\u00eds\u201d, se\u00f1al\u00f3 en las redes sociales Sebasti\u00e1n Pareja, subsecretario de Integraci\u00f3n Socio-Urbana y senador provincial en uso de licencia.<\/p>\n\n\n\n<p>Pareja, cercano a Karina Milei (secretaria general de la Presidencia) y quien presidir\u00e1 el partido a nivel bonaerense, se\u00f1al\u00f3 que \u201ccon este paso, llevaremos con m\u00e1s fuerza a\u00fan las ideas de la libertad a todos los rincones de la provincia de Buenos Aires, dando la batalla cultural que nos encomend\u00f3\u201d.<\/p>\n\n\n\n<p>Ramos Padilla decidi\u00f3 \u201creconocer al partido \u2018La Libertad Avanza\u2019 la personer\u00eda jur\u00eddico-pol\u00edtica definitiva como partido de distrito, con derecho exclusivo al nombre partidario\u201d y \u201ccon todos los derechos y obligaciones que emanan de su reconocimiento\u201d.<\/p>\n\n\n\n<p>De esta manera, la fuerza del presidente ya logr\u00f3 constituirse como partido en ocho jurisdicciones y ahora buscar\u00eda el reconocimiento a nivel nacional. Adem\u00e1s de la provincia de Buenos Aires, contabiliza Catamarca, Chubut, C\u00f3rdoba, La Pampa, La Rioja, Salta y Tierra del Fuego, seg\u00fan consta en los registros de la C\u00e1mara Nacional Electoral.<\/p>\n\n\n\n<p>El reconocimiento a nivel bonaerense y a nivel nacional, si este \u00faltimo se concreta, le dar\u00edan a LLA mayores libertades a la hora de constituir o no alianzas electorales con otras estructuras.<\/p>\n\n\n\n<figure class=\"wp-block-embed is-type-wp-embed is-provider-sector-prensa wp-block-embed-sector-prensa\"><div class=\"wp-block-embed__wrapper\">\n<blockquote class=\"wp-embedded-content\" data-secret=\"kHLenHB7Bl\"><a href=\"https:\/\/sectorprensa.com.ar\/?p=64811\">Karina Milei en Mor\u00f3n: \u201cVamos a llegar a ser partido a nivel nacional\u201d<\/a><\/blockquote><iframe loading=\"lazy\" class=\"wp-embedded-content\" sandbox=\"allow-scripts\" security=\"restricted\" style=\"position: absolute; clip: rect(1px, 1px, 1px, 1px);\" title=\"\u00abKarina Milei en Mor\u00f3n: \u201cVamos a llegar a ser partido a nivel nacional\u201d\u00bb \u2014 Sector Prensa\" src=\"https:\/\/sectorprensa.com.ar\/?p=64811&#038;embed=true#?secret=zIhoG9WLpF#?secret=kHLenHB7Bl\" data-secret=\"kHLenHB7Bl\" width=\"600\" height=\"338\" frameborder=\"0\" marginwidth=\"0\" marginheight=\"0\" scrolling=\"no\"><\/iframe>\n<\/div><\/figure>\n","protected":false},"excerpt":{"rendered":"<p>As\u00ed lo determin\u00f3 el juez federal Alejo Ramos Padilla. Lo presidir\u00e1 Sebasti\u00e1n Pareja, actual subsecretario de Integraci\u00f3n Socio-Urbana. El juez<\/p>\n","protected":false},"author":6,"featured_media":66802,"comment_status":"closed","ping_status":"closed","sticky":false,"template":"","format":"standard","meta":{"colormag_page_container_layout":"default_layout","colormag_page_sidebar_layout":"default_layout","footnotes":""},"categories":[17,8],"tags":[8875,7394,8896],"class_list":["post-66801","post","type-post","status-publish","format-standard","has-post-thumbnail","hentry","category-destacadas","category-politica","tag-karina-milei","tag-la-libertad-avanza","tag-sebastian-pareja"],"_links":{"self":[{"href":"https:\/\/sectorprensa.com.ar\/index.php?rest_route=\/wp\/v2\/posts\/66801","targetHints":{"allow":["GET"]}}],"collection":[{"href":"https:\/\/sectorprensa.com.ar\/index.php?rest_route=\/wp\/v2\/posts"}],"about":[{"href":"https:\/\/sectorprensa.com.ar\/index.php?rest_route=\/wp\/v2\/types\/post"}],"author":[{"embeddable":true,"href":"https:\/\/sectorprensa.com.ar\/index.php?rest_route=\/wp\/v2\/users\/6"}],"replies":[{"embeddable":true,"href":"https:\/\/sectorprensa.com.ar\/index.php?rest_route=%2Fwp%2Fv2%2Fcomments&post=66801"}],"version-history":[{"count":1,"href":"https:\/\/sectorprensa.com.ar\/index.php?rest_route=\/wp\/v2\/posts\/66801\/revisions"}],"predecessor-version":[{"id":66803,"href":"https:\/\/sectorprensa.com.ar\/index.php?rest_route=\/wp\/v2\/posts\/66801\/revisions\/66803"}],"wp:featuredmedia":[{"embeddable":true,"href":"https:\/\/sectorprensa.com.ar\/index.php?rest_route=\/wp\/v2\/media\/66802"}],"wp:attachment":[{"href":"https:\/\/sectorprensa.com.ar\/index.php?rest_route=%2Fwp%2Fv2%2Fmedia&parent=66801"}],"wp:term":[{"taxonomy":"category","embeddable":true,"href":"https:\/\/sectorprensa.com.ar\/index.php?rest_route=%2Fwp%2Fv2%2Fcategories&post=66801"},{"taxonomy":"post_tag","embeddable":true,"href":"https:\/\/sectorprensa.com.ar\/index.php?rest_route=%2Fwp%2Fv2%2Ftags&post=66801"}],"curies":[{"name":"wp","href":"https:\/\/api.w.org\/{rel}","templated":true}]}}