{"id":67037,"date":"2024-09-27T12:55:38","date_gmt":"2024-09-27T15:55:38","guid":{"rendered":"https:\/\/sectorprensa.com.ar\/?p=67037"},"modified":"2024-09-27T12:55:39","modified_gmt":"2024-09-27T15:55:39","slug":"gustavo-menendez-y-roxana-monzon-se-reunieron-con-el-embajador-del-papa-en-la-argentina","status":"publish","type":"post","link":"https:\/\/sectorprensa.com.ar\/?p=67037","title":{"rendered":"Gustavo Men\u00e9ndez y Roxana Monz\u00f3n se reunieron con el embajador del Papa en la Argentina"},"content":{"rendered":"\n<h6 class=\"wp-block-heading\"><strong>Durante el encuentro, discutieron iniciativas locales, legislativas y eclesi\u00e1sticas orientadas a la construcci\u00f3n de una sociedad m\u00e1s justa y humana.<\/strong><\/h6>\n\n\n\n<p>El intendente de Merlo, Gustavo Men\u00e9ndez, y la diputada nacional Roxana Monz\u00f3n se reunieron con Monse\u00f1or Miroslaw Adamczyk, representante del Papa en Argentina, en la sede de la Nunciatura Apost\u00f3lica en Buenos Aires.<\/p>\n\n\n\n<p>Durante el encuentro, discutieron iniciativas locales, legislativas y eclesi\u00e1sticas orientadas a la construcci\u00f3n de una sociedad m\u00e1s justa y humana, en l\u00ednea con los principios del Papa Francisco.<\/p>\n\n\n\n<figure class=\"wp-block-embed is-type-rich is-provider-twitter wp-block-embed-twitter\"><div class=\"wp-block-embed__wrapper\">\n<blockquote class=\"twitter-tweet\" data-width=\"550\" data-dnt=\"true\"><p lang=\"es\" dir=\"ltr\">Junto a <a href=\"https:\/\/twitter.com\/gustavomenendez?ref_src=twsrc%5Etfw\">@gustavomenendez<\/a> le entregu\u00e9 al Embajador de nuestro querido Papa Francisco en Argentina, Monse\u00f1or Adamczyk, una copia original del proyecto aprobado en <a href=\"https:\/\/twitter.com\/DiputadosAR?ref_src=twsrc%5Etfw\">@DiputadosAR<\/a> para celebrar el traslado a Santiago del Estero de la Sede Primada de la Iglesia Cat\u00f3lica. <a href=\"https:\/\/t.co\/Et7dGWhVbn\">pic.twitter.com\/Et7dGWhVbn<\/a><\/p>&mdash; Roxana Monzon (@Roxy_Monzon) <a href=\"https:\/\/twitter.com\/Roxy_Monzon\/status\/1839429091885531182?ref_src=twsrc%5Etfw\">September 26, 2024<\/a><\/blockquote><script async src=\"https:\/\/platform.twitter.com\/widgets.js\" charset=\"utf-8\"><\/script>\n<\/div><\/figure>\n\n\n\n<p>Men\u00e9ndez comparti\u00f3 su experiencia como promotor del \u201cPacto de Padua\u201d, una iniciativa de 2016 que reuni\u00f3 a m\u00e1s de 2.000 l\u00edderes comunales de Am\u00e9rica Latina y Argentina para apoyar los valores de la enc\u00edclica \u201cLaudato Si\u201d. Ambos coincidieron en la relevancia de los ejes del Pacto \u2014lucha contra el narcotr\u00e1fico, el hambre, la violencia de g\u00e9nero, y el cuidado del medioambiente\u2014 y subrayaron la necesidad de ampliarlo tomando como referencia la enc\u00edclica \u201cFratelli Tutti\u201d, que enfatiza la fraternidad como base para las sociedades. Men\u00e9ndez destac\u00f3 la importancia de la construcci\u00f3n comunitaria frente al individualismo, siguiendo el mensaje reciente del Papa a los movimientos sociales.<\/p>\n\n\n\n<figure class=\"wp-block-embed is-type-rich is-provider-twitter wp-block-embed-twitter\"><div class=\"wp-block-embed__wrapper\">\n<blockquote class=\"twitter-tweet\" data-width=\"550\" data-dnt=\"true\"><p lang=\"es\" dir=\"ltr\">El dialogo, la justicia social, la distribuci\u00f3n de la riqueza y la solidaridad son banderas fundamentales para construir una Argentina justa, comunitaria y humana \ud83c\udde6\ud83c\uddf7\u2764\ufe0f\ud83d\udd4a\ufe0f <a href=\"https:\/\/t.co\/ZRlQPwZZg5\">pic.twitter.com\/ZRlQPwZZg5<\/a><\/p>&mdash; Roxana Monzon (@Roxy_Monzon) <a href=\"https:\/\/twitter.com\/Roxy_Monzon\/status\/1839429651313340447?ref_src=twsrc%5Etfw\">September 26, 2024<\/a><\/blockquote><script async src=\"https:\/\/platform.twitter.com\/widgets.js\" charset=\"utf-8\"><\/script>\n<\/div><\/figure>\n\n\n\n<p>Por su parte, la diputada Monz\u00f3n entreg\u00f3 al Nuncio una copia de su proyecto de resoluci\u00f3n, aprobado en la comisi\u00f3n de Relaciones Exteriores y Culto de la C\u00e1mara de Diputados, que celebr\u00f3 el traslado de la Sede Primada de la Iglesia Cat\u00f3lica a Santiago del Estero. Monz\u00f3n elogi\u00f3 la misa celebrada en la catedral santiague\u00f1a, donde Adamczyk ley\u00f3 el documento firmado por el Papa, y resalt\u00f3 que este gesto representa una reparaci\u00f3n hist\u00f3rica y un llamado a la uni\u00f3n y al federalismo.<\/p>\n\n\n\n<figure class=\"wp-block-embed is-type-rich is-provider-twitter wp-block-embed-twitter\"><div class=\"wp-block-embed__wrapper\">\n<blockquote class=\"twitter-tweet\" data-width=\"550\" data-dnt=\"true\"><p lang=\"es\" dir=\"ltr\">Junto a la diputada nacional Roxana Monz\u00f3n, visitamos la sede del Nuncio Apost\u00f3lico en Buenos Aires para mantener un encuentro con Monse\u00f1or Miroslaw Adamczyk, representante diplom\u00e1tico del Papa Francisco en la Argentina. El objetivo del encuentro fue dialogar sobre acciones\u2026 <a href=\"https:\/\/t.co\/Ueix9zld0F\">pic.twitter.com\/Ueix9zld0F<\/a><\/p>&mdash; Gustavo Men\u00e9ndez (@gustavomenendez) <a href=\"https:\/\/twitter.com\/gustavomenendez\/status\/1839355307060773344?ref_src=twsrc%5Etfw\">September 26, 2024<\/a><\/blockquote><script async src=\"https:\/\/platform.twitter.com\/widgets.js\" charset=\"utf-8\"><\/script>\n<\/div><\/figure>\n\n\n\n<figure class=\"wp-block-embed is-type-wp-embed is-provider-sector-prensa wp-block-embed-sector-prensa\"><div class=\"wp-block-embed__wrapper\">\n<blockquote class=\"wp-embedded-content\" data-secret=\"EPrDjr9NJy\"><a href=\"https:\/\/sectorprensa.com.ar\/?p=66307\">Gustavo Men\u00e9ndez y Roxana Monz\u00f3n se reunieron con el gobernador Gerardo Zamora<\/a><\/blockquote><iframe loading=\"lazy\" class=\"wp-embedded-content\" sandbox=\"allow-scripts\" security=\"restricted\" style=\"position: absolute; clip: rect(1px, 1px, 1px, 1px);\" title=\"\u00abGustavo Men\u00e9ndez y Roxana Monz\u00f3n se reunieron con el gobernador Gerardo Zamora\u00bb \u2014 Sector Prensa\" src=\"https:\/\/sectorprensa.com.ar\/?p=66307&#038;embed=true#?secret=0BNTYEwRyf#?secret=EPrDjr9NJy\" data-secret=\"EPrDjr9NJy\" width=\"600\" height=\"338\" frameborder=\"0\" marginwidth=\"0\" marginheight=\"0\" scrolling=\"no\"><\/iframe>\n<\/div><\/figure>\n","protected":false},"excerpt":{"rendered":"<p>Durante el encuentro, discutieron iniciativas locales, legislativas y eclesi\u00e1sticas orientadas a la construcci\u00f3n de una sociedad m\u00e1s justa y humana.<\/p>\n","protected":false},"author":6,"featured_media":67038,"comment_status":"closed","ping_status":"closed","sticky":false,"template":"","format":"standard","meta":{"colormag_page_container_layout":"default_layout","colormag_page_sidebar_layout":"default_layout","footnotes":""},"categories":[17,7,8],"tags":[2665,1360],"class_list":["post-67037","post","type-post","status-publish","format-standard","has-post-thumbnail","hentry","category-destacadas","category-merlo","category-politica","tag-gustavo-menendez-2","tag-roxana-monzon"],"_links":{"self":[{"href":"https:\/\/sectorprensa.com.ar\/index.php?rest_route=\/wp\/v2\/posts\/67037","targetHints":{"allow":["GET"]}}],"collection":[{"href":"https:\/\/sectorprensa.com.ar\/index.php?rest_route=\/wp\/v2\/posts"}],"about":[{"href":"https:\/\/sectorprensa.com.ar\/index.php?rest_route=\/wp\/v2\/types\/post"}],"author":[{"embeddable":true,"href":"https:\/\/sectorprensa.com.ar\/index.php?rest_route=\/wp\/v2\/users\/6"}],"replies":[{"embeddable":true,"href":"https:\/\/sectorprensa.com.ar\/index.php?rest_route=%2Fwp%2Fv2%2Fcomments&post=67037"}],"version-history":[{"count":1,"href":"https:\/\/sectorprensa.com.ar\/index.php?rest_route=\/wp\/v2\/posts\/67037\/revisions"}],"predecessor-version":[{"id":67039,"href":"https:\/\/sectorprensa.com.ar\/index.php?rest_route=\/wp\/v2\/posts\/67037\/revisions\/67039"}],"wp:featuredmedia":[{"embeddable":true,"href":"https:\/\/sectorprensa.com.ar\/index.php?rest_route=\/wp\/v2\/media\/67038"}],"wp:attachment":[{"href":"https:\/\/sectorprensa.com.ar\/index.php?rest_route=%2Fwp%2Fv2%2Fmedia&parent=67037"}],"wp:term":[{"taxonomy":"category","embeddable":true,"href":"https:\/\/sectorprensa.com.ar\/index.php?rest_route=%2Fwp%2Fv2%2Fcategories&post=67037"},{"taxonomy":"post_tag","embeddable":true,"href":"https:\/\/sectorprensa.com.ar\/index.php?rest_route=%2Fwp%2Fv2%2Ftags&post=67037"}],"curies":[{"name":"wp","href":"https:\/\/api.w.org\/{rel}","templated":true}]}}