{"id":67142,"date":"2024-10-03T09:52:10","date_gmt":"2024-10-03T12:52:10","guid":{"rendered":"https:\/\/sectorprensa.com.ar\/?p=67142"},"modified":"2024-10-03T09:52:11","modified_gmt":"2024-10-03T12:52:11","slug":"hector-daer-creo-que-el-gobierno-se-dio-cuenta-que-hay-cosas-que-no-se-pueden-dejar-al-azar","status":"publish","type":"post","link":"https:\/\/sectorprensa.com.ar\/?p=67142","title":{"rendered":"H\u00e9ctor Daer: \u201cCreo que el gobierno se dio cuenta que hay cosas que no se pueden dejar al azar\u201d"},"content":{"rendered":"\n<h6 class=\"wp-block-heading\"><strong>El cosecretario de la CGT anticip\u00f3 luego de la reuni\u00f3n con el Gobierno: \u201cVeremos si la semana que viene podemos avanzar en la redacci\u00f3n de un texto com\u00fan\u201d.<\/strong><\/h6>\n\n\n\n<p>El lunes, dirigentes sindicales se reunieron con el jefe de Gabinete, Guillermo Francos. Uno de los presentes fue el secretario general de la CGT, H\u00e9ctor Daer y consider\u00f3: \u201cCreo que el gobierno se dio cuenta que hay cosas que no se pueden dejar al azar, que el Estado tiene que interpretar determinados temas\u201d.<\/p>\n\n\n\n<p>\u201cVeremos si la semana que viene podemos avanzar o no en la redacci\u00f3n de un texto com\u00fan\u201d, anticip\u00f3 y cont\u00f3 que el tema universitario fue el que \u201cm\u00e1s tiempo llev\u00f3\u201d en el encuentro con el oficialismo.<\/p>\n\n\n\n<p>Daer se enfoc\u00f3 tambi\u00e9n en la modificaci\u00f3n del art 242 (llamado antibloqueo) y desde la CGT remarcaron que requiere de una reglamentaci\u00f3n que \u201cno deje indefensos a los trabajadores en sus justos reclamos\u201d.<\/p>\n\n\n\n<p>\u201cSe tom\u00f3 un compromiso por parte del Ejecutivo a una mesa de trabajo que permite abordar mecanismos de abordaje previo a la aplicaci\u00f3n de la sanci\u00f3n all\u00ed dispuestas por acciones gremiales\u201d, comunicaron en un mensaje.<\/p>\n\n\n\n<figure class=\"wp-block-embed is-type-wp-embed is-provider-sector-prensa wp-block-embed-sector-prensa\"><div class=\"wp-block-embed__wrapper\">\n<blockquote class=\"wp-embedded-content\" data-secret=\"ntAuPOf3E6\"><a href=\"https:\/\/sectorprensa.com.ar\/?p=67121\">Gustavo Men\u00e9ndez: \u201cEs el ajuste m\u00e1s inhumano de la historia argentina\u201d<\/a><\/blockquote><iframe loading=\"lazy\" class=\"wp-embedded-content\" sandbox=\"allow-scripts\" security=\"restricted\" style=\"position: absolute; clip: rect(1px, 1px, 1px, 1px);\" title=\"\u00abGustavo Men\u00e9ndez: \u201cEs el ajuste m\u00e1s inhumano de la historia argentina\u201d\u00bb \u2014 Sector Prensa\" src=\"https:\/\/sectorprensa.com.ar\/?p=67121&#038;embed=true#?secret=PbVnssGc4s#?secret=ntAuPOf3E6\" data-secret=\"ntAuPOf3E6\" width=\"600\" height=\"338\" frameborder=\"0\" marginwidth=\"0\" marginheight=\"0\" scrolling=\"no\"><\/iframe>\n<\/div><\/figure>\n","protected":false},"excerpt":{"rendered":"<p>El cosecretario de la CGT anticip\u00f3 luego de la reuni\u00f3n con el Gobierno: \u201cVeremos si la semana que viene podemos<\/p>\n","protected":false},"author":6,"featured_media":67143,"comment_status":"closed","ping_status":"closed","sticky":false,"template":"","format":"standard","meta":{"colormag_page_container_layout":"default_layout","colormag_page_sidebar_layout":"default_layout","footnotes":""},"categories":[17,8],"tags":[110,1882],"class_list":["post-67142","post","type-post","status-publish","format-standard","has-post-thumbnail","hentry","category-destacadas","category-politica","tag-cgt","tag-hector-daer"],"_links":{"self":[{"href":"https:\/\/sectorprensa.com.ar\/index.php?rest_route=\/wp\/v2\/posts\/67142","targetHints":{"allow":["GET"]}}],"collection":[{"href":"https:\/\/sectorprensa.com.ar\/index.php?rest_route=\/wp\/v2\/posts"}],"about":[{"href":"https:\/\/sectorprensa.com.ar\/index.php?rest_route=\/wp\/v2\/types\/post"}],"author":[{"embeddable":true,"href":"https:\/\/sectorprensa.com.ar\/index.php?rest_route=\/wp\/v2\/users\/6"}],"replies":[{"embeddable":true,"href":"https:\/\/sectorprensa.com.ar\/index.php?rest_route=%2Fwp%2Fv2%2Fcomments&post=67142"}],"version-history":[{"count":1,"href":"https:\/\/sectorprensa.com.ar\/index.php?rest_route=\/wp\/v2\/posts\/67142\/revisions"}],"predecessor-version":[{"id":67144,"href":"https:\/\/sectorprensa.com.ar\/index.php?rest_route=\/wp\/v2\/posts\/67142\/revisions\/67144"}],"wp:featuredmedia":[{"embeddable":true,"href":"https:\/\/sectorprensa.com.ar\/index.php?rest_route=\/wp\/v2\/media\/67143"}],"wp:attachment":[{"href":"https:\/\/sectorprensa.com.ar\/index.php?rest_route=%2Fwp%2Fv2%2Fmedia&parent=67142"}],"wp:term":[{"taxonomy":"category","embeddable":true,"href":"https:\/\/sectorprensa.com.ar\/index.php?rest_route=%2Fwp%2Fv2%2Fcategories&post=67142"},{"taxonomy":"post_tag","embeddable":true,"href":"https:\/\/sectorprensa.com.ar\/index.php?rest_route=%2Fwp%2Fv2%2Ftags&post=67142"}],"curies":[{"name":"wp","href":"https:\/\/api.w.org\/{rel}","templated":true}]}}