{"id":67524,"date":"2024-10-16T12:50:03","date_gmt":"2024-10-16T15:50:03","guid":{"rendered":"https:\/\/sectorprensa.com.ar\/?p=67524"},"modified":"2024-10-16T12:50:04","modified_gmt":"2024-10-16T15:50:04","slug":"en-medio-de-ajustes-en-el-organismo-renuncio-el-titular-del-inta","status":"publish","type":"post","link":"https:\/\/sectorprensa.com.ar\/?p=67524","title":{"rendered":"En medio de ajustes en el organismo, renunci\u00f3 el titular del INTA"},"content":{"rendered":"\n<h6 class=\"wp-block-heading\"><strong>Se trata de Molina Hafford. Le envi\u00f3 una carta al Ministro de Econom\u00eda. La dimisi\u00f3n estar\u00eda relacionada a la presi\u00f3n para achicar el personal.<\/strong><\/h6>\n\n\n\n<p>El titular del Instituto Nacional de Tecnolog\u00eda Agropecuaria (INTA), Juan Cruz Molina Hafford, present\u00f3 en las \u00faltimas horas su renuncia al cargo con una carta dirigida al ministro de Econom\u00eda, Luis Caputo.<\/p>\n\n\n\n<p>\u201cPor medio de la presente me dirijo a usted con el fin de presentar mi renuncia al cargo de presidente del INTA, quedo a su disposici\u00f3n y del Presidente de la Naci\u00f3n\u201d, se\u00f1al\u00f3 el funcionario saliente en la misiva.<\/p>\n\n\n\n<p>En el texto enviado a Caputo, Molina Hafford agradeci\u00f3 \u201cespecialmente al Consejo Directivo Nacional del INTA y a nuestro equipo por su dedicaci\u00f3n y compromiso\u201d.<\/p>\n\n\n\n<p>Asimismo, el ahora exfuncioario se\u00f1al\u00f3 tambi\u00e9n que se siente \u201corgulloso de los logros alcanzados\u201d y que conf\u00eda \u201cen que el INTA continuar\u00e1 trabajando al servicio de la Argentina\u201d y \u201cpor el bienestar de los productores y la sociedad toda\u201d.<\/p>\n\n\n\n<p>Si bien no se conocen los reales motivos de la renuncia, circul\u00f3 que esta pudo haber estado motivada por la presi\u00f3n del titular de Econom\u00eda para que se profundice el ajuste en el INTA. Vale se\u00f1alar que en el \u00faltimo mes se lanz\u00f3 un plan de retiros voluntarios para reducir el personal del organismo.<\/p>\n\n\n\n<figure class=\"wp-block-embed is-type-wp-embed is-provider-sector-prensa wp-block-embed-sector-prensa\"><div class=\"wp-block-embed__wrapper\">\n<blockquote class=\"wp-embedded-content\" data-secret=\"tKvRuXDREi\"><a href=\"https:\/\/sectorprensa.com.ar\/?p=67497\">Javier Milei: \u201cLa universidad va a seguir siendo p\u00fablica y no arancelada\u201d<\/a><\/blockquote><iframe loading=\"lazy\" class=\"wp-embedded-content\" sandbox=\"allow-scripts\" security=\"restricted\" style=\"position: absolute; clip: rect(1px, 1px, 1px, 1px);\" title=\"\u00abJavier Milei: \u201cLa universidad va a seguir siendo p\u00fablica y no arancelada\u201d\u00bb \u2014 Sector Prensa\" src=\"https:\/\/sectorprensa.com.ar\/?p=67497&#038;embed=true#?secret=5OtPZpE8IZ#?secret=tKvRuXDREi\" data-secret=\"tKvRuXDREi\" width=\"600\" height=\"338\" frameborder=\"0\" marginwidth=\"0\" marginheight=\"0\" scrolling=\"no\"><\/iframe>\n<\/div><\/figure>\n","protected":false},"excerpt":{"rendered":"<p>Se trata de Molina Hafford. Le envi\u00f3 una carta al Ministro de Econom\u00eda. La dimisi\u00f3n estar\u00eda relacionada a la presi\u00f3n<\/p>\n","protected":false},"author":6,"featured_media":67525,"comment_status":"closed","ping_status":"closed","sticky":false,"template":"","format":"standard","meta":{"colormag_page_container_layout":"default_layout","colormag_page_sidebar_layout":"default_layout","footnotes":""},"categories":[17,8],"tags":[2838],"class_list":["post-67524","post","type-post","status-publish","format-standard","has-post-thumbnail","hentry","category-destacadas","category-politica","tag-inta"],"_links":{"self":[{"href":"https:\/\/sectorprensa.com.ar\/index.php?rest_route=\/wp\/v2\/posts\/67524","targetHints":{"allow":["GET"]}}],"collection":[{"href":"https:\/\/sectorprensa.com.ar\/index.php?rest_route=\/wp\/v2\/posts"}],"about":[{"href":"https:\/\/sectorprensa.com.ar\/index.php?rest_route=\/wp\/v2\/types\/post"}],"author":[{"embeddable":true,"href":"https:\/\/sectorprensa.com.ar\/index.php?rest_route=\/wp\/v2\/users\/6"}],"replies":[{"embeddable":true,"href":"https:\/\/sectorprensa.com.ar\/index.php?rest_route=%2Fwp%2Fv2%2Fcomments&post=67524"}],"version-history":[{"count":1,"href":"https:\/\/sectorprensa.com.ar\/index.php?rest_route=\/wp\/v2\/posts\/67524\/revisions"}],"predecessor-version":[{"id":67526,"href":"https:\/\/sectorprensa.com.ar\/index.php?rest_route=\/wp\/v2\/posts\/67524\/revisions\/67526"}],"wp:featuredmedia":[{"embeddable":true,"href":"https:\/\/sectorprensa.com.ar\/index.php?rest_route=\/wp\/v2\/media\/67525"}],"wp:attachment":[{"href":"https:\/\/sectorprensa.com.ar\/index.php?rest_route=%2Fwp%2Fv2%2Fmedia&parent=67524"}],"wp:term":[{"taxonomy":"category","embeddable":true,"href":"https:\/\/sectorprensa.com.ar\/index.php?rest_route=%2Fwp%2Fv2%2Fcategories&post=67524"},{"taxonomy":"post_tag","embeddable":true,"href":"https:\/\/sectorprensa.com.ar\/index.php?rest_route=%2Fwp%2Fv2%2Ftags&post=67524"}],"curies":[{"name":"wp","href":"https:\/\/api.w.org\/{rel}","templated":true}]}}