{"id":67652,"date":"2024-10-21T16:59:45","date_gmt":"2024-10-21T19:59:45","guid":{"rendered":"https:\/\/sectorprensa.com.ar\/?p=67652"},"modified":"2024-10-21T16:59:45","modified_gmt":"2024-10-21T19:59:45","slug":"asi-que-ahora-tambien-me-queres-matar","status":"publish","type":"post","link":"https:\/\/sectorprensa.com.ar\/?p=67652","title":{"rendered":"\u00ab\u00bfAs\u00ed que ahora tambi\u00e9n me quer\u00e9s matar?\u00bb"},"content":{"rendered":"\n<h6 class=\"wp-block-heading\"><strong>Cristina Fern\u00e1ndez de Kirchner le respondi\u00f3 en un posteo de la red social X al Presidente Javier Milei por sus declaraciones contra el kirchnerismo y su persona. \u00abSer\u00eda bueno que, en lugar de amenazarme con mi muerte, encontraras la forma de que los argentinos puedan volver a comer cuatro veces al d\u00eda\u00bb, dijo.<\/strong><\/h6>\n\n\n\n<p>Durante una entrevista con el medio TN (Todo Noticias), el Presidente Javier Milei asegur\u00f3 que le gustar\u00eda \u00abmeterle el \u00faltimo clavo al caj\u00f3n del kirchnerismo con Cristina adentro\u00bb. La respuesta de Cristina Fern\u00e1ndez de Kirchner no se hizo esperar, quien tom\u00f3 esta declaraci\u00f3n como una amenaza, y realiz\u00f3 un posteo en su cuenta de X.<\/p>\n\n\n\n<p>\u00ab\u00bfAs\u00ed que ahora tambi\u00e9n me quer\u00e9s matar?\u00bb, comienza el texto de la ex Presidenta. \u00abEst\u00e1s nervioso y agresivo porque todas las idioteces que, durante a\u00f1os, dijiste en la tele y todav\u00eda segu\u00eds repitiendo son solo eso: idioteces. Y como no ten\u00e9s las m\u00e1s p\u00e1lida idea de lo que es la gesti\u00f3n del Estado terminaste pidi\u00e9ndole ayuda a Macri\u00bb, agreg\u00f3.<\/p>\n\n\n\n<figure class=\"wp-block-embed is-type-rich is-provider-twitter wp-block-embed-twitter\"><div class=\"wp-block-embed__wrapper\">\n<blockquote class=\"twitter-tweet\" data-width=\"550\" data-dnt=\"true\"><p lang=\"es\" dir=\"ltr\">\u00bfAs\u00ed que ahora tambi\u00e9n me quer\u00e9s matar?<br><br>Est\u00e1s nervioso y agresivo porque todas las idioteces que, durante a\u00f1os, dijiste en la tele y todav\u00eda segu\u00eds repitiendo son solo eso: idioteces.  Y como no ten\u00e9s las m\u00e1s p\u00e1lida idea de lo que es la gesti\u00f3n del Estado terminaste pidi\u00e9ndole\u2026 <a href=\"https:\/\/t.co\/sc7rrloPrG\">pic.twitter.com\/sc7rrloPrG<\/a><\/p>&mdash; Cristina Kirchner (@CFKArgentina) <a href=\"https:\/\/twitter.com\/CFKArgentina\/status\/1848343904849895457?ref_src=twsrc%5Etfw\">October 21, 2024<\/a><\/blockquote><script async src=\"https:\/\/platform.twitter.com\/widgets.js\" charset=\"utf-8\"><\/script>\n<\/div><\/figure>\n\n\n\n<p>\u00abSer\u00eda bueno que, en lugar de insultar a diestra y siniestra, y amenazarme con mi muerte, encontraras la forma de que los argentinos puedan volver a comer cuatro veces al d\u00eda y en su casa, sus hijos crecer sanos para poder estudiar y progresar y los viejos tengan sus remedios para poder vivir\u00bb, apunt\u00f3 Cristina.<\/p>\n\n\n\n<p>\u00ab\u00bfSabes una cosa Javier Gerardo Milei? Aunque me maten y de m\u00ed no queden ni la cenizas\u2026 tu Gobierno es un fracaso y vos como Presidente das verg\u00fcenza ajena\u00bb, finaliz\u00f3.<\/p>\n\n\n\n<figure class=\"wp-block-embed is-type-wp-embed is-provider-sector-prensa wp-block-embed-sector-prensa\"><div class=\"wp-block-embed__wrapper\">\n<blockquote class=\"wp-embedded-content\" data-secret=\"S1ZlO9WE0U\"><a href=\"https:\/\/sectorprensa.com.ar\/?p=67628\">Milei: \u201cMe encantar\u00eda meterle el \u00faltimo clavo al caj\u00f3n del kirchnerismo, con Cristina Kirchner adentro\u201d<\/a><\/blockquote><iframe loading=\"lazy\" class=\"wp-embedded-content\" sandbox=\"allow-scripts\" security=\"restricted\" style=\"position: absolute; clip: rect(1px, 1px, 1px, 1px);\" title=\"\u00abMilei: \u201cMe encantar\u00eda meterle el \u00faltimo clavo al caj\u00f3n del kirchnerismo, con Cristina Kirchner adentro\u201d\u00bb \u2014 Sector Prensa\" src=\"https:\/\/sectorprensa.com.ar\/?p=67628&#038;embed=true#?secret=CsE5aHwks8#?secret=S1ZlO9WE0U\" data-secret=\"S1ZlO9WE0U\" width=\"600\" height=\"338\" frameborder=\"0\" marginwidth=\"0\" marginheight=\"0\" scrolling=\"no\"><\/iframe>\n<\/div><\/figure>\n","protected":false},"excerpt":{"rendered":"<p>Cristina Fern\u00e1ndez de Kirchner le respondi\u00f3 en un posteo de la red social X al Presidente Javier Milei por sus<\/p>\n","protected":false},"author":5,"featured_media":67653,"comment_status":"closed","ping_status":"closed","sticky":false,"template":"","format":"standard","meta":{"colormag_page_container_layout":"default_layout","colormag_page_sidebar_layout":"default_layout","footnotes":""},"categories":[17,8],"tags":[6851,6221],"class_list":["post-67652","post","type-post","status-publish","format-standard","has-post-thumbnail","hentry","category-destacadas","category-politica","tag-cristina-fernandez-de-kirchner-2","tag-javier-milei"],"_links":{"self":[{"href":"https:\/\/sectorprensa.com.ar\/index.php?rest_route=\/wp\/v2\/posts\/67652","targetHints":{"allow":["GET"]}}],"collection":[{"href":"https:\/\/sectorprensa.com.ar\/index.php?rest_route=\/wp\/v2\/posts"}],"about":[{"href":"https:\/\/sectorprensa.com.ar\/index.php?rest_route=\/wp\/v2\/types\/post"}],"author":[{"embeddable":true,"href":"https:\/\/sectorprensa.com.ar\/index.php?rest_route=\/wp\/v2\/users\/5"}],"replies":[{"embeddable":true,"href":"https:\/\/sectorprensa.com.ar\/index.php?rest_route=%2Fwp%2Fv2%2Fcomments&post=67652"}],"version-history":[{"count":1,"href":"https:\/\/sectorprensa.com.ar\/index.php?rest_route=\/wp\/v2\/posts\/67652\/revisions"}],"predecessor-version":[{"id":67654,"href":"https:\/\/sectorprensa.com.ar\/index.php?rest_route=\/wp\/v2\/posts\/67652\/revisions\/67654"}],"wp:featuredmedia":[{"embeddable":true,"href":"https:\/\/sectorprensa.com.ar\/index.php?rest_route=\/wp\/v2\/media\/67653"}],"wp:attachment":[{"href":"https:\/\/sectorprensa.com.ar\/index.php?rest_route=%2Fwp%2Fv2%2Fmedia&parent=67652"}],"wp:term":[{"taxonomy":"category","embeddable":true,"href":"https:\/\/sectorprensa.com.ar\/index.php?rest_route=%2Fwp%2Fv2%2Fcategories&post=67652"},{"taxonomy":"post_tag","embeddable":true,"href":"https:\/\/sectorprensa.com.ar\/index.php?rest_route=%2Fwp%2Fv2%2Ftags&post=67652"}],"curies":[{"name":"wp","href":"https:\/\/api.w.org\/{rel}","templated":true}]}}