{"id":67710,"date":"2024-10-24T09:35:50","date_gmt":"2024-10-24T12:35:50","guid":{"rendered":"https:\/\/sectorprensa.com.ar\/?p=67710"},"modified":"2024-10-24T09:35:51","modified_gmt":"2024-10-24T12:35:51","slug":"la-escuela-municipal-de-danzas-de-moron-abre-la-inscripcion-para-el-ciclo-lectivo-2025","status":"publish","type":"post","link":"https:\/\/sectorprensa.com.ar\/?p=67710","title":{"rendered":"La Escuela Municipal de Danzas de Mor\u00f3n abre la inscripci\u00f3n para el ciclo lectivo 2025"},"content":{"rendered":"\n<h6 class=\"wp-block-heading\" id=\"5299\"><strong>La primera semana de noviembre podr\u00e1n anotarse las vecinas y vecinos del distrito. Luego, a partir del 11, abrir\u00e1 la inscripci\u00f3n para las personas no residentes de Mor\u00f3n.<\/strong><\/h6>\n\n\n\n<p>La Escuela Municipal de Danzas Jos\u00e9 Neglia abre la inscripci\u00f3n para los cursos de danza cl\u00e1sica, folkl\u00f3rica y tango del ciclo lectivo 2025.<\/p>\n\n\n\n<p>Durante la primera semana de noviembre, del 4 al 9, podr\u00e1n inscribirse las y los residentes del distrito. Mientras que las personas de otros distritos podr\u00e1n anotarse a partir del 11 de noviembre para las vacantes que queden disponibles.<\/p>\n\n\n\n<p>Los cursos son Iniciaci\u00f3n al movimiento (para ni\u00f1os y adultos), preparatorio (para ni\u00f1os), Primeros acercamientos a la danza cl\u00e1sica, Tango (para ni\u00f1os, j\u00f3venes y adultos) y Folklore (para ni\u00f1os y adultos).<\/p>\n\n\n\n<p>Adem\u00e1s, las y los aspirantes se podr\u00e1n anotar en la tecnicatura int\u00e9rprete bailar\u00edn danza cl\u00e1sica y profesorados de danza con orientaci\u00f3n en danza cl\u00e1sica, danza folkl\u00f3rica y expresi\u00f3n corporal con t\u00edtulos oficiales.<\/p>\n\n\n\n<p>Las inscripciones comienzan el 4 de noviembre y son presenciales en Maestra Cueto 765, de lunes a viernes de 8 a 12hs y 14 a 21hs y los s\u00e1bados de 8 a 18hs.<\/p>\n\n\n\n<p>\u201cLa Escuela Jos\u00e9 Neglia es la \u00fanica instituci\u00f3n p\u00fablica gratuita municipal orientada a la danza cl\u00e1sica, folkl\u00f3rica y tango en todo el conurbano bonaerense. Desde su creaci\u00f3n, tiene como objetivo acompa\u00f1ar a ni\u00f1os y adultos en su incursi\u00f3n al mundo de la danza y la formaci\u00f3n docente en el \u00e1rea de educaci\u00f3n art\u00edstica en los distintos niveles del sistema educativo\u201d, explic\u00f3 el Municipio.<\/p>\n\n\n\n<figure class=\"wp-block-embed is-type-wp-embed is-provider-sector-prensa wp-block-embed-sector-prensa\"><div class=\"wp-block-embed__wrapper\">\n<blockquote class=\"wp-embedded-content\" data-secret=\"tCbziGAi6f\"><a href=\"https:\/\/sectorprensa.com.ar\/?p=67663\">Mor\u00f3n suma nuevos m\u00f3viles en las UGC para reforzar tareas de mantenimiento urbano<\/a><\/blockquote><iframe loading=\"lazy\" class=\"wp-embedded-content\" sandbox=\"allow-scripts\" security=\"restricted\" style=\"position: absolute; clip: rect(1px, 1px, 1px, 1px);\" title=\"\u00abMor\u00f3n suma nuevos m\u00f3viles en las UGC para reforzar tareas de mantenimiento urbano\u00bb \u2014 Sector Prensa\" src=\"https:\/\/sectorprensa.com.ar\/?p=67663&#038;embed=true#?secret=hZeJRBYipX#?secret=tCbziGAi6f\" data-secret=\"tCbziGAi6f\" width=\"600\" height=\"338\" frameborder=\"0\" marginwidth=\"0\" marginheight=\"0\" scrolling=\"no\"><\/iframe>\n<\/div><\/figure>\n","protected":false},"excerpt":{"rendered":"<p>La primera semana de noviembre podr\u00e1n anotarse las vecinas y vecinos del distrito. Luego, a partir del 11, abrir\u00e1 la<\/p>\n","protected":false},"author":6,"featured_media":67711,"comment_status":"closed","ping_status":"closed","sticky":false,"template":"","format":"standard","meta":{"colormag_page_container_layout":"default_layout","colormag_page_sidebar_layout":"default_layout","footnotes":""},"categories":[17,5,1173,10],"tags":[8204],"class_list":["post-67710","post","type-post","status-publish","format-standard","has-post-thumbnail","hentry","category-destacadas","category-moron","category-municipales","category-sociedad","tag-escuela-municipal-de-danzas"],"_links":{"self":[{"href":"https:\/\/sectorprensa.com.ar\/index.php?rest_route=\/wp\/v2\/posts\/67710","targetHints":{"allow":["GET"]}}],"collection":[{"href":"https:\/\/sectorprensa.com.ar\/index.php?rest_route=\/wp\/v2\/posts"}],"about":[{"href":"https:\/\/sectorprensa.com.ar\/index.php?rest_route=\/wp\/v2\/types\/post"}],"author":[{"embeddable":true,"href":"https:\/\/sectorprensa.com.ar\/index.php?rest_route=\/wp\/v2\/users\/6"}],"replies":[{"embeddable":true,"href":"https:\/\/sectorprensa.com.ar\/index.php?rest_route=%2Fwp%2Fv2%2Fcomments&post=67710"}],"version-history":[{"count":1,"href":"https:\/\/sectorprensa.com.ar\/index.php?rest_route=\/wp\/v2\/posts\/67710\/revisions"}],"predecessor-version":[{"id":67713,"href":"https:\/\/sectorprensa.com.ar\/index.php?rest_route=\/wp\/v2\/posts\/67710\/revisions\/67713"}],"wp:featuredmedia":[{"embeddable":true,"href":"https:\/\/sectorprensa.com.ar\/index.php?rest_route=\/wp\/v2\/media\/67711"}],"wp:attachment":[{"href":"https:\/\/sectorprensa.com.ar\/index.php?rest_route=%2Fwp%2Fv2%2Fmedia&parent=67710"}],"wp:term":[{"taxonomy":"category","embeddable":true,"href":"https:\/\/sectorprensa.com.ar\/index.php?rest_route=%2Fwp%2Fv2%2Fcategories&post=67710"},{"taxonomy":"post_tag","embeddable":true,"href":"https:\/\/sectorprensa.com.ar\/index.php?rest_route=%2Fwp%2Fv2%2Ftags&post=67710"}],"curies":[{"name":"wp","href":"https:\/\/api.w.org\/{rel}","templated":true}]}}