{"id":67866,"date":"2024-10-29T16:09:55","date_gmt":"2024-10-29T19:09:55","guid":{"rendered":"https:\/\/sectorprensa.com.ar\/?p=67866"},"modified":"2024-11-11T22:54:14","modified_gmt":"2024-11-12T01:54:14","slug":"merlo-la-delegacion-participo-del-acto-de-apertura-de-la-final-de-los-juegos-bonaerenses","status":"publish","type":"post","link":"https:\/\/sectorprensa.com.ar\/?p=67866","title":{"rendered":"Merlo: la delegaci\u00f3n particip\u00f3 del acto de apertura de la final de los Juegos Bonaerenses"},"content":{"rendered":"\n<h6 class=\"wp-block-heading\"><strong>Los representantes merlenses estuvieron acompa\u00f1ados por el Intendente Gustavo Men\u00e9ndez y otras autoridades del Municipio. En el acto tambi\u00e9n particip\u00f3 el Gobernador de la provincia de Buenos Aires, Axel Kicillof.<\/strong><\/h6>\n\n\n\n<p>La delegaci\u00f3n de Merlo se encuentra en Mar del Plata para participar de la final de los Juegos Bonaerenses y dijo presente en el acto de apertura de la instancia definitiva. La jornada se llev\u00f3 a cabo en el play\u00f3n Las Toscas, donde acompa\u00f1aron el Intendente Gustavo Men\u00e9ndez y autoridades municipales. Adem\u00e1s, en la jornada estuvo presente el Gobernador Axel Kicillof.<\/p>\n\n\n\n<figure class=\"wp-block-image size-full\"><img loading=\"lazy\" decoding=\"async\" width=\"300\" height=\"250\" src=\"https:\/\/sectorprensa.com.ar\/wp-content\/uploads\/2024\/11\/Dengue_banner-300x250px.jpg\" alt=\"\" class=\"wp-image-67960\"\/><\/figure>\n\n\n\n<p>La instancia definitiva de la competencia se desarrollar\u00e1 del 28 de octubre al 2 de noviembre, el distrito competir\u00e1 en las categor\u00edas \u00abAdultos Mayores\u00bb, \u00abJuveniles\u00bb y \u00abPersonas con Discapacidad\u00bb.<\/p>\n\n\n\n<figure class=\"wp-block-embed is-type-wp-embed is-provider-sector-prensa wp-block-embed-sector-prensa\"><div class=\"wp-block-embed__wrapper\">\n<blockquote class=\"wp-embedded-content\" data-secret=\"tpomZMTXYZ\"><a href=\"https:\/\/sectorprensa.com.ar\/?p=67829\">Merlo: finaliz\u00f3 la Feria del Libro<\/a><\/blockquote><iframe loading=\"lazy\" class=\"wp-embedded-content\" sandbox=\"allow-scripts\" security=\"restricted\" style=\"position: absolute; clip: rect(1px, 1px, 1px, 1px);\" title=\"\u00abMerlo: finaliz\u00f3 la Feria del Libro\u00bb \u2014 Sector Prensa\" src=\"https:\/\/sectorprensa.com.ar\/?p=67829&#038;embed=true#?secret=1CJ9Z3L5AE#?secret=tpomZMTXYZ\" data-secret=\"tpomZMTXYZ\" width=\"600\" height=\"338\" frameborder=\"0\" marginwidth=\"0\" marginheight=\"0\" scrolling=\"no\"><\/iframe>\n<\/div><\/figure>\n","protected":false},"excerpt":{"rendered":"<p>Los representantes merlenses estuvieron acompa\u00f1ados por el Intendente Gustavo Men\u00e9ndez y otras autoridades del Municipio. En el acto tambi\u00e9n particip\u00f3<\/p>\n","protected":false},"author":5,"featured_media":67867,"comment_status":"closed","ping_status":"closed","sticky":false,"template":"","format":"standard","meta":{"colormag_page_container_layout":"default_layout","colormag_page_sidebar_layout":"default_layout","footnotes":""},"categories":[17,7,1173],"tags":[2793,25],"class_list":["post-67866","post","type-post","status-publish","format-standard","has-post-thumbnail","hentry","category-destacadas","category-merlo","category-municipales","tag-juegos-bonaerenses","tag-merlo"],"_links":{"self":[{"href":"https:\/\/sectorprensa.com.ar\/index.php?rest_route=\/wp\/v2\/posts\/67866","targetHints":{"allow":["GET"]}}],"collection":[{"href":"https:\/\/sectorprensa.com.ar\/index.php?rest_route=\/wp\/v2\/posts"}],"about":[{"href":"https:\/\/sectorprensa.com.ar\/index.php?rest_route=\/wp\/v2\/types\/post"}],"author":[{"embeddable":true,"href":"https:\/\/sectorprensa.com.ar\/index.php?rest_route=\/wp\/v2\/users\/5"}],"replies":[{"embeddable":true,"href":"https:\/\/sectorprensa.com.ar\/index.php?rest_route=%2Fwp%2Fv2%2Fcomments&post=67866"}],"version-history":[{"count":2,"href":"https:\/\/sectorprensa.com.ar\/index.php?rest_route=\/wp\/v2\/posts\/67866\/revisions"}],"predecessor-version":[{"id":68226,"href":"https:\/\/sectorprensa.com.ar\/index.php?rest_route=\/wp\/v2\/posts\/67866\/revisions\/68226"}],"wp:featuredmedia":[{"embeddable":true,"href":"https:\/\/sectorprensa.com.ar\/index.php?rest_route=\/wp\/v2\/media\/67867"}],"wp:attachment":[{"href":"https:\/\/sectorprensa.com.ar\/index.php?rest_route=%2Fwp%2Fv2%2Fmedia&parent=67866"}],"wp:term":[{"taxonomy":"category","embeddable":true,"href":"https:\/\/sectorprensa.com.ar\/index.php?rest_route=%2Fwp%2Fv2%2Fcategories&post=67866"},{"taxonomy":"post_tag","embeddable":true,"href":"https:\/\/sectorprensa.com.ar\/index.php?rest_route=%2Fwp%2Fv2%2Ftags&post=67866"}],"curies":[{"name":"wp","href":"https:\/\/api.w.org\/{rel}","templated":true}]}}