{"id":67894,"date":"2024-10-30T19:43:06","date_gmt":"2024-10-30T22:43:06","guid":{"rendered":"https:\/\/sectorprensa.com.ar\/?p=67894"},"modified":"2024-10-30T19:43:07","modified_gmt":"2024-10-30T22:43:07","slug":"la-crisis-de-liderazgo-en-el-peronismo-no-se-resuelve-con-una-eleccion-en-el-pj","status":"publish","type":"post","link":"https:\/\/sectorprensa.com.ar\/?p=67894","title":{"rendered":"\u00abLa crisis de liderazgo en el peronismo no se resuelve con una elecci\u00f3n en el PJ\u00bb"},"content":{"rendered":"\n<h6 class=\"wp-block-heading\"><strong>Eduardo Toniolli, Diputado Nacional de Uni\u00f3n por la Patria, asegur\u00f3 que la crisis se resuelve \u00abcon tiempo y reconexi\u00f3n con las demandas del pueblo\u00bb. Por otra parte, dio detalles de la sesi\u00f3n sobre la privatizaci\u00f3n de Aerol\u00edneas Argentinas y remarc\u00f3 que \u00abel PRO tiene m\u00e1s inter\u00e9s en esto\u00bb.<\/strong><\/h6>\n\n\n\n<p>El gobierno nacional consigui\u00f3 dictamen para el proyecto de privatizaci\u00f3n de Aerol\u00edneas Argentinas luego de un tenso plenario en la C\u00e1mara de Diputados. Eduardo Toniolli, legislador Nacional de Santa Fe por Uni\u00f3n por la Patria, detall\u00f3 que hubo disertantes invitados por el PRO \u00abque no ten\u00edan  nada que ver ah\u00ed\u00bb y se\u00f1al\u00f3 que el espacio de Mauricio Macri tiene \u00abm\u00e1s inter\u00e9s en la privatizaci\u00f3n\u00bb. Por otra parte, se refiri\u00f3 a la interna del peronismo, la cual dijo que \u00abno deb\u00eda producirse\u00bb. En la misma l\u00ednea, sostuvo que \u00abla crisis de liderazgo no se resuelve con una elecci\u00f3n del PJ\u00bb.<\/p>\n\n\n\n<p>\u00abNo era para menos el clima que se vivi\u00f3 en la sesi\u00f3n. Est\u00e1n intentando avanzar con un proceso de enajenaci\u00f3n de parte nuestro patrimonio nacional, en este caso nuestra aerol\u00ednea de bandera, con argumentos totalmente f\u00fatiles y disertantes invitados por el oficialismo, particularmente de un bloque del PRO, que tiene m\u00e1s inter\u00e9s en esto. Algunos disertantes no ten\u00edan nada que hacer ah\u00ed, uno de ellos era Fernando Dozo, Gerente de Aerol\u00edneas Argentinas durante la gesti\u00f3n estatal espa\u00f1ola y de una empresa privada, donde la empresa fue vaciada y dejada al borde de la disoluci\u00f3n final. Esa persona estaba ah\u00ed dando c\u00e1tedra y tratando de explicarnos qu\u00e9 hab\u00eda que hacer con la empresa\u00bb, dijo en declaraciones a \u00abEl Tanke de B\u00fanker\u00bb, programa emitido en Radio B\u00fanker 94.9.<\/p>\n\n\n\n<p>El inter\u00e9s del PRO por privatizar Aerol\u00edneas Argentinas: \u00abHay que fijarse qui\u00e9nes presentaron el proyecto para privatizarla. Uno es Hern\u00e1n Lombardi, que finalmente ayer consigui\u00f3 la mayor\u00eda de las firmas. Lombardi fue el informante, el que meti\u00f3 m\u00e1s ganas. Y el otro proyecto fue de Juan Manuel L\u00f3pez, de la Coalici\u00f3n C\u00edvica. Hubo un dictamen dentro de los otros dos que facilitaron al PRO y La Libertad Avanza la posibilidad de avanzar al recinto. Si no hubiese existido ese otro dictamen, que es el que nos fuerza a nosotros a presentar un tercero, la alianza entre el PRO, La Libertad Avanza y una parte de la Coalici\u00f3n C\u00edvica y radicales, no hubiesen conseguido el n\u00famero m\u00ednimo que se necesita para establecer que efectivamente la Comisi\u00f3n dictamin\u00f3. Lo hicieron para facilitar el camino al PRO y La Libertad Avanza\u00bb, se\u00f1al\u00f3.<\/p>\n\n\n\n<p>El porcentaje que se necesita para aprobar la privatizaci\u00f3n, en caso de que se llegue al recinto: \u00abSe necesita una mayor\u00eda simple, como cualquier otra ley. Igual interponemos una objeci\u00f3n con respecto a este per\u00edodo legislativo, esto fue algo que ya se trat\u00f3. En realidad fue un cap\u00edtulo de la Ley de Bases, pero debe ser considerado como un rechazo a la ley\u00bb, explic\u00f3 Toniolli.<\/p>\n\n\n\n<p>Por otra parte, el legislador cont\u00f3 que no hubo pronunciaci\u00f3n por parte del oficialismo para argumentar la ley y agreg\u00f3 que \u00absolamente habl\u00f3 una Diputada, para quejarse de los modos de otra Diputada y que levant\u00f3 la voz, cosa que causa gracia\u00bb.<\/p>\n\n\n\n<p>\u00bfLa interna del peronismo podr\u00eda generar una ruptura en Uni\u00f3n por la Patria?: \u00abParece que es una interna improcedente y no deber\u00eda producirse. Creo que no va a llegar a tanto, hay otra solidez en el bloque y debates importantes. Genera ruido, por eso uno cree que es improcedente. Creer que la elecci\u00f3n de autoridades del PJ, que en el peronismo siempre ha sido ni m\u00e1s ni menos que una herramienta electora, resuelve la crisis de liderazgo, est\u00e1 equivocado. Se resuelven con tiempo y la reconexi\u00f3n con las demandas profundas de nuestro pueblo\u00bb, opin\u00f3.<\/p>\n\n\n\n<figure class=\"wp-block-embed is-type-wp-embed is-provider-sector-prensa wp-block-embed-sector-prensa\"><div class=\"wp-block-embed__wrapper\">\n<blockquote class=\"wp-embedded-content\" data-secret=\"tKxp1jEzmZ\"><a href=\"https:\/\/sectorprensa.com.ar\/?p=67838\">\u00abLa ruptura era necesaria porque hab\u00eda ramas que conspiraban contra un crecimiento sano\u00bb<\/a><\/blockquote><iframe loading=\"lazy\" class=\"wp-embedded-content\" sandbox=\"allow-scripts\" security=\"restricted\" style=\"position: absolute; clip: rect(1px, 1px, 1px, 1px);\" title=\"\u00ab\u00abLa ruptura era necesaria porque hab\u00eda ramas que conspiraban contra un crecimiento sano\u00bb\u00bb \u2014 Sector Prensa\" src=\"https:\/\/sectorprensa.com.ar\/?p=67838&#038;embed=true#?secret=KzPmUU9mIx#?secret=tKxp1jEzmZ\" data-secret=\"tKxp1jEzmZ\" width=\"600\" height=\"338\" frameborder=\"0\" marginwidth=\"0\" marginheight=\"0\" scrolling=\"no\"><\/iframe>\n<\/div><\/figure>\n","protected":false},"excerpt":{"rendered":"<p>Eduardo Toniolli, Diputado Nacional de Uni\u00f3n por la Patria, asegur\u00f3 que la crisis se resuelve \u00abcon tiempo y reconexi\u00f3n con<\/p>\n","protected":false},"author":5,"featured_media":67895,"comment_status":"closed","ping_status":"closed","sticky":false,"template":"","format":"standard","meta":{"colormag_page_container_layout":"default_layout","colormag_page_sidebar_layout":"default_layout","footnotes":""},"categories":[17,8],"tags":[7433,7831],"class_list":["post-67894","post","type-post","status-publish","format-standard","has-post-thumbnail","hentry","category-destacadas","category-politica","tag-eduardo-toniolli","tag-union-por-la-patria"],"_links":{"self":[{"href":"https:\/\/sectorprensa.com.ar\/index.php?rest_route=\/wp\/v2\/posts\/67894","targetHints":{"allow":["GET"]}}],"collection":[{"href":"https:\/\/sectorprensa.com.ar\/index.php?rest_route=\/wp\/v2\/posts"}],"about":[{"href":"https:\/\/sectorprensa.com.ar\/index.php?rest_route=\/wp\/v2\/types\/post"}],"author":[{"embeddable":true,"href":"https:\/\/sectorprensa.com.ar\/index.php?rest_route=\/wp\/v2\/users\/5"}],"replies":[{"embeddable":true,"href":"https:\/\/sectorprensa.com.ar\/index.php?rest_route=%2Fwp%2Fv2%2Fcomments&post=67894"}],"version-history":[{"count":1,"href":"https:\/\/sectorprensa.com.ar\/index.php?rest_route=\/wp\/v2\/posts\/67894\/revisions"}],"predecessor-version":[{"id":67896,"href":"https:\/\/sectorprensa.com.ar\/index.php?rest_route=\/wp\/v2\/posts\/67894\/revisions\/67896"}],"wp:featuredmedia":[{"embeddable":true,"href":"https:\/\/sectorprensa.com.ar\/index.php?rest_route=\/wp\/v2\/media\/67895"}],"wp:attachment":[{"href":"https:\/\/sectorprensa.com.ar\/index.php?rest_route=%2Fwp%2Fv2%2Fmedia&parent=67894"}],"wp:term":[{"taxonomy":"category","embeddable":true,"href":"https:\/\/sectorprensa.com.ar\/index.php?rest_route=%2Fwp%2Fv2%2Fcategories&post=67894"},{"taxonomy":"post_tag","embeddable":true,"href":"https:\/\/sectorprensa.com.ar\/index.php?rest_route=%2Fwp%2Fv2%2Ftags&post=67894"}],"curies":[{"name":"wp","href":"https:\/\/api.w.org\/{rel}","templated":true}]}}