{"id":67914,"date":"2024-10-31T09:37:26","date_gmt":"2024-10-31T12:37:26","guid":{"rendered":"https:\/\/sectorprensa.com.ar\/?p=67914"},"modified":"2024-10-31T09:37:26","modified_gmt":"2024-10-31T12:37:26","slug":"moreno-kicillof-encabezo-el-cierre-del-congreso-de-satsaid","status":"publish","type":"post","link":"https:\/\/sectorprensa.com.ar\/?p=67914","title":{"rendered":"Moreno: Kicillof encabez\u00f3 el cierre del Congreso de SATSAID"},"content":{"rendered":"\n<h6 class=\"wp-block-heading\"><strong>Esta fue la 43\u00b0 Asamblea General Extraordinaria del sindicato que nuclea a 36.000 afiliados a nivel nacional y est\u00e1 integrado por 30 seccionales.<\/strong><\/h6>\n\n\n\n<p>El gobernador de la provincia de Buenos Aires, Axel Kicillof, encabez\u00f3 este mi\u00e9rcoles el acto de cierre del Congreso del Sindicato Argentino de Televisi\u00f3n, Servicios Audiovisuales, Interactivos y de Datos (SATSAID), en el que participaron m\u00e1s de 350 representantes gremiales de todo el pa\u00eds. Fue en el Camping \u201c12 de agosto\u201d del municipio de Moreno, junto al ministro de Trabajo, Walter Correa; y el secretario general del sindicato, Horacio Arreceygor.<\/p>\n\n\n\n<p>En ese marco, Kicillof afirm\u00f3: \u201cEste congreso es fundamental en el contexto que estamos atravesando: reunir a los representantes de las y los trabajadores, poner en com\u00fan sus experiencias y entender cu\u00e1les son las perspectivas es central para comprender lo que est\u00e1 ocurriendo en nuestro pa\u00eds\u201d. \u201cLa soluci\u00f3n a nuestros problemas la vamos a encontrar escuchando y promoviendo la participaci\u00f3n activa de las y los trabajadores\u201d, agreg\u00f3.<\/p>\n\n\n\n<p>\u201cEn la Argentina estamos siendo v\u00edctimas de una gran estafa electoral: dec\u00edan que los recortes y el ajuste iban ser dirigidos para la casta, pero el gran perdedor de este modelo es el pueblo trabajador\u201d, sostuvo el Gobernador y a\u00f1adi\u00f3: \u201cEste plan que est\u00e1n llevando adelante no es novedoso, ya lo vivimos muchas veces e implica una transferencia de recursos desde las clases populares hacia el sector financiero\u201d.<\/p>\n\n\n\n<p>Esta fue la 43\u00b0 Asamblea General Extraordinaria de SATSAID que nuclea a 36.000 afiliados a nivel nacional y est\u00e1 integrado por 30 seccionales, de las cu\u00e1les siete est\u00e1n ubicadas en la provincia de Buenos Aires.&nbsp;<\/p>\n\n\n\n<p>Por su parte, Correa remarc\u00f3: \u201cEn la provincia de Buenos Aires tenemos una posici\u00f3n muy clara de defensa de los derechos de cada uno de los y las trabajadoras: para nosotros son los actores fundamentales de nuestra historia y nuestro futuro\u201d.<\/p>\n\n\n\n<p>\u201cEstamos en un momento de mucha dificultad para las y los trabajadores del sector por la falta de producci\u00f3n y el achicamiento que est\u00e1n llevando adelante las empresas: juntarnos aqu\u00ed sirve para debatir y analizar c\u00f3mo vamos a continuar nuestra pelea\u201d, sostuvo Arreceygor.&nbsp;<\/p>\n\n\n\n<p>Por \u00faltimo, Kicillof sostuvo: \u201cEl camino que llevamos adelante en la provincia es exactamente el opuesto, no para contrastar con el Gobierno nacional por una cuesti\u00f3n de marketing, sino para cumplir con el mandato que nos otorgaron las y los bonaerenses\u201d. \u201cEn la provincia de Buenos Aires planteamos al trabajo, la producci\u00f3n, la salud y la educaci\u00f3n como nuestras prioridades: hace m\u00e1s de cuatro a\u00f1os comenzamos a ampliar derechos y de ah\u00ed no nos vamos a mover\u201d, concluy\u00f3.<\/p>\n\n\n\n<p>Estuvieron presentes la jefa de Asesores del Gobernador, Cristina \u00c1lvarez Rodr\u00edguez; y, en representaci\u00f3n de SATSAID, el secretario general adjunto, Hugo Medina; el secretario gremial, Gustavo Bellingeri; la secretaria de Mujer y Familia, Marianela Mel; la prosecretaria administrativa, Graciela Gregorutti; el vocal, Alejandro Moreira; secretarios, secretarias, delegados y delegadas de todo el pa\u00eds.<\/p>\n\n\n\n<figure class=\"wp-block-embed is-type-wp-embed is-provider-sector-prensa wp-block-embed-sector-prensa\"><div class=\"wp-block-embed__wrapper\">\n<blockquote class=\"wp-embedded-content\" data-secret=\"NB8dD81XA8\"><a href=\"https:\/\/sectorprensa.com.ar\/?p=67879\">Kicillof: \u201cCon el \u00fanico que me quiero pelear es con el que est\u00e1 quebrando nuestro pa\u00eds\u201d<\/a><\/blockquote><iframe loading=\"lazy\" class=\"wp-embedded-content\" sandbox=\"allow-scripts\" security=\"restricted\" style=\"position: absolute; clip: rect(1px, 1px, 1px, 1px);\" title=\"\u00abKicillof: \u201cCon el \u00fanico que me quiero pelear es con el que est\u00e1 quebrando nuestro pa\u00eds\u201d\u00bb \u2014 Sector Prensa\" src=\"https:\/\/sectorprensa.com.ar\/?p=67879&#038;embed=true#?secret=UJ1hOEJJCR#?secret=NB8dD81XA8\" data-secret=\"NB8dD81XA8\" width=\"600\" height=\"338\" frameborder=\"0\" marginwidth=\"0\" marginheight=\"0\" scrolling=\"no\"><\/iframe>\n<\/div><\/figure>\n","protected":false},"excerpt":{"rendered":"<p>Esta fue la 43\u00b0 Asamblea General Extraordinaria del sindicato que nuclea a 36.000 afiliados a nivel nacional y est\u00e1 integrado<\/p>\n","protected":false},"author":6,"featured_media":67915,"comment_status":"closed","ping_status":"closed","sticky":false,"template":"","format":"standard","meta":{"colormag_page_container_layout":"default_layout","colormag_page_sidebar_layout":"default_layout","footnotes":""},"categories":[6828,8,18],"tags":[3337,6429],"class_list":["post-67914","post","type-post","status-publish","format-standard","has-post-thumbnail","hentry","category-mas-destacadas","category-politica","category-provincia","tag-axel-kicillof","tag-satsaid"],"_links":{"self":[{"href":"https:\/\/sectorprensa.com.ar\/index.php?rest_route=\/wp\/v2\/posts\/67914","targetHints":{"allow":["GET"]}}],"collection":[{"href":"https:\/\/sectorprensa.com.ar\/index.php?rest_route=\/wp\/v2\/posts"}],"about":[{"href":"https:\/\/sectorprensa.com.ar\/index.php?rest_route=\/wp\/v2\/types\/post"}],"author":[{"embeddable":true,"href":"https:\/\/sectorprensa.com.ar\/index.php?rest_route=\/wp\/v2\/users\/6"}],"replies":[{"embeddable":true,"href":"https:\/\/sectorprensa.com.ar\/index.php?rest_route=%2Fwp%2Fv2%2Fcomments&post=67914"}],"version-history":[{"count":1,"href":"https:\/\/sectorprensa.com.ar\/index.php?rest_route=\/wp\/v2\/posts\/67914\/revisions"}],"predecessor-version":[{"id":67916,"href":"https:\/\/sectorprensa.com.ar\/index.php?rest_route=\/wp\/v2\/posts\/67914\/revisions\/67916"}],"wp:featuredmedia":[{"embeddable":true,"href":"https:\/\/sectorprensa.com.ar\/index.php?rest_route=\/wp\/v2\/media\/67915"}],"wp:attachment":[{"href":"https:\/\/sectorprensa.com.ar\/index.php?rest_route=%2Fwp%2Fv2%2Fmedia&parent=67914"}],"wp:term":[{"taxonomy":"category","embeddable":true,"href":"https:\/\/sectorprensa.com.ar\/index.php?rest_route=%2Fwp%2Fv2%2Fcategories&post=67914"},{"taxonomy":"post_tag","embeddable":true,"href":"https:\/\/sectorprensa.com.ar\/index.php?rest_route=%2Fwp%2Fv2%2Ftags&post=67914"}],"curies":[{"name":"wp","href":"https:\/\/api.w.org\/{rel}","templated":true}]}}