{"id":67917,"date":"2024-10-31T09:42:11","date_gmt":"2024-10-31T12:42:11","guid":{"rendered":"https:\/\/sectorprensa.com.ar\/?p=67917"},"modified":"2024-10-31T09:42:12","modified_gmt":"2024-10-31T12:42:12","slug":"conflicto-con-ioma-femeba-los-medicos-realizaran-un-paro-la-semana-que-viene","status":"publish","type":"post","link":"https:\/\/sectorprensa.com.ar\/?p=67917","title":{"rendered":"Conflicto con IOMA-FEMEBA: los m\u00e9dicos realizar\u00e1n un paro la semana que viene"},"content":{"rendered":"\n<h6 class=\"wp-block-heading\"><strong>La medida de fuerza ser\u00e1 el viernes 8. Buscan visibilizar el conflicto por por los cortes de convenios en el interior.<\/strong><\/h6>\n\n\n\n<p>El Consejo Directivo de la Federaci\u00f3n M\u00e9dica de la provincia de Buenos Aires (FEMEBA), resolvi\u00f3 en su \u00faltima reuni\u00f3n, la realizaci\u00f3n de un cese de actividades de 24 horas al Instituto de Obra M\u00e9dico Asistencial (IOMA), para el viernes 8 de noviembre.<\/p>\n\n\n\n<p>\u201cLas caracter\u00edsticas de la medida ser\u00e1n similares a las anteriores, debiendo asistirse a los beneficiarios del Instituto como pacientes particulares, pudiendo prescribir libremente medicamentos, estudios y otros tratamientos\u201d, explicaron desde la entidad.<\/p>\n\n\n\n<p>En concreto, se\u00f1alaron que la medida pretende \u201ccontinuar visibilizando la problem\u00e1tica suscitada a partir de la denuncia unilateral del convenio por parte de IOMA, en 20 partidos del \u00e1mbito provincial y desenmascarar las mentiras, la ineficiencia y la falta de transparencia, de la actual gesti\u00f3n de IOMA\u201d.<\/p>\n\n\n\n<p>En este escenario, la FEMEBA sali\u00f3 con los tapones de punta contra el director de la obra social. Primero reiteraron que \u201cmientras IOMA debe m\u00e1s de 8.000 millones, la Federaci\u00f3n M\u00e9dica paga a sus m\u00e9dicos a las 48 horas de recibir el pago, siempre ha sido transparente en el manejo de sus convenios y jam\u00e1s se neg\u00f3 a ser auditada\u201d.<\/p>\n\n\n\n<p>A trav\u00e9s de un comunicado, la mesa ejecutiva de la FEMEBA sugiri\u00f3 que Giles no podr\u00eda encarar un proceso como ese. \u201cDeber\u00eda empezar por explicar con qu\u00e9 fondos adquiri\u00f3 la vivienda que compr\u00f3 en calle 511 de la ciudad de La Plata o porque se rodea de personas con dudosos antecedentes\u201d, denunciaron.<\/p>\n\n\n\n<p>Por su parte, el funcionario provincial respondi\u00f3 a trav\u00e9s de su cuenta de Twitter. Ah\u00ed afirm\u00f3 que \u201cno va a retroceder\u201d. \u201cY exijo (al presidente de la FEMBA) que pida disculpas p\u00fablicas o ser\u00e1 denunciado penalmente\u201d, expres\u00f3.\u00a0<\/p>\n\n\n\n<figure class=\"wp-block-embed is-type-wp-embed is-provider-sector-prensa wp-block-embed-sector-prensa\"><div class=\"wp-block-embed__wrapper\">\n<blockquote class=\"wp-embedded-content\" data-secret=\"EA0UKPoabG\"><a href=\"https:\/\/sectorprensa.com.ar\/?p=67690\">La Provincia inici\u00f3 la campa\u00f1a de vacunaci\u00f3n contra el dengue<\/a><\/blockquote><iframe loading=\"lazy\" class=\"wp-embedded-content\" sandbox=\"allow-scripts\" security=\"restricted\" style=\"position: absolute; clip: rect(1px, 1px, 1px, 1px);\" title=\"\u00abLa Provincia inici\u00f3 la campa\u00f1a de vacunaci\u00f3n contra el dengue\u00bb \u2014 Sector Prensa\" src=\"https:\/\/sectorprensa.com.ar\/?p=67690&#038;embed=true#?secret=OiwQKeJqlt#?secret=EA0UKPoabG\" data-secret=\"EA0UKPoabG\" width=\"600\" height=\"338\" frameborder=\"0\" marginwidth=\"0\" marginheight=\"0\" scrolling=\"no\"><\/iframe>\n<\/div><\/figure>\n","protected":false},"excerpt":{"rendered":"<p>La medida de fuerza ser\u00e1 el viernes 8. Buscan visibilizar el conflicto por por los cortes de convenios en el<\/p>\n","protected":false},"author":6,"featured_media":67918,"comment_status":"closed","ping_status":"closed","sticky":false,"template":"","format":"standard","meta":{"colormag_page_container_layout":"default_layout","colormag_page_sidebar_layout":"default_layout","footnotes":""},"categories":[17,8,18],"tags":[6834],"class_list":["post-67917","post","type-post","status-publish","format-standard","has-post-thumbnail","hentry","category-destacadas","category-politica","category-provincia","tag-ioma"],"_links":{"self":[{"href":"https:\/\/sectorprensa.com.ar\/index.php?rest_route=\/wp\/v2\/posts\/67917","targetHints":{"allow":["GET"]}}],"collection":[{"href":"https:\/\/sectorprensa.com.ar\/index.php?rest_route=\/wp\/v2\/posts"}],"about":[{"href":"https:\/\/sectorprensa.com.ar\/index.php?rest_route=\/wp\/v2\/types\/post"}],"author":[{"embeddable":true,"href":"https:\/\/sectorprensa.com.ar\/index.php?rest_route=\/wp\/v2\/users\/6"}],"replies":[{"embeddable":true,"href":"https:\/\/sectorprensa.com.ar\/index.php?rest_route=%2Fwp%2Fv2%2Fcomments&post=67917"}],"version-history":[{"count":1,"href":"https:\/\/sectorprensa.com.ar\/index.php?rest_route=\/wp\/v2\/posts\/67917\/revisions"}],"predecessor-version":[{"id":67919,"href":"https:\/\/sectorprensa.com.ar\/index.php?rest_route=\/wp\/v2\/posts\/67917\/revisions\/67919"}],"wp:featuredmedia":[{"embeddable":true,"href":"https:\/\/sectorprensa.com.ar\/index.php?rest_route=\/wp\/v2\/media\/67918"}],"wp:attachment":[{"href":"https:\/\/sectorprensa.com.ar\/index.php?rest_route=%2Fwp%2Fv2%2Fmedia&parent=67917"}],"wp:term":[{"taxonomy":"category","embeddable":true,"href":"https:\/\/sectorprensa.com.ar\/index.php?rest_route=%2Fwp%2Fv2%2Fcategories&post=67917"},{"taxonomy":"post_tag","embeddable":true,"href":"https:\/\/sectorprensa.com.ar\/index.php?rest_route=%2Fwp%2Fv2%2Ftags&post=67917"}],"curies":[{"name":"wp","href":"https:\/\/api.w.org\/{rel}","templated":true}]}}