{"id":67929,"date":"2024-10-31T23:39:15","date_gmt":"2024-11-01T02:39:15","guid":{"rendered":"https:\/\/sectorprensa.com.ar\/?p=67929"},"modified":"2024-10-31T23:39:16","modified_gmt":"2024-11-01T02:39:16","slug":"quieren-liquidar-a-aerolineas-argentinas","status":"publish","type":"post","link":"https:\/\/sectorprensa.com.ar\/?p=67929","title":{"rendered":"\u00abQuieren liquidar a Aerol\u00edneas Argentinas\u00bb"},"content":{"rendered":"\n<h6 class=\"wp-block-heading\"><strong>La ex Embajadora en Reino Unido, Alicia Castro, se refiri\u00f3 al proyecto de privatizaci\u00f3n de la empresa y remarc\u00f3 que \u00abser\u00eda a p\u00e9rdida\u00bb. Por otra parte, habl\u00f3 de la \u00abdesmalvinizaci\u00f3n y la salida de Diana Mondino.<\/strong><\/h6>\n\n\n\n<p>\u00abQuieren liquidar a Aerol\u00edneas Argentinas\u00bb. De esta manera se refiri\u00f3 Alicia Castro al proyecto de privatizaci\u00f3n de Aerol\u00edneas Argentinas, el gobierno consigui\u00f3 el dictamen del mismo. Adem\u00e1s, sostuvo que es falso que la empresa es deficitaria, como argument\u00f3 Javier Milei y su equipo, y remarc\u00f3 que pasando a las manos privadas \u00abdar\u00eda p\u00e9rdidas\u00bb. Luego, advirti\u00f3 que Argentina \u00abva a perder el grado de participaci\u00f3n en el mercado aerocomercial mundial\u00bb si se aprueba esta pol\u00edtica.<\/p>\n\n\n\n<p>\u00abDepende como lo manejen los Diputados y Diputadas, y tambi\u00e9n c\u00f3mo reaccione el Senado. Recordemos que la privatizaci\u00f3n de Aerol\u00edneas Argentinas estaba en la Ley de Bases, entre otras empresas, y fue sacada luego de una larga negociaci\u00f3n, incluso hubo un Gobernador o Senador que dijo, &#8216;salvamos a Aerol\u00edneas Argentinas&#8217;. Sin embargo, fueron enga\u00f1ados. Cuando la Ley de Bases volvi\u00f3 a Diputados, no insisti\u00f3 en la privatizaci\u00f3n, por lo tanto, su tratamiento estar\u00eda vedado para este a\u00f1o. Cuando uno habla de estas cosas se refiere a la Constituci\u00f3n, la ley, que ya no existe m\u00e1s en la Argentina. Estamos viviendo en un r\u00e9gimen colonial\u00bb, opin\u00f3 en Radio B\u00fanker 94.9, en di\u00e1logo con el programa \u00abEl Tanke de B\u00fanker\u00bb.<\/p>\n\n\n\n<p>Adem\u00e1s, la ex funcionaria remarc\u00f3 que \u00abninguno de los libertarios defendieron el proyecto de privatizaci\u00f3n. No hablaron. Lo defendi\u00f3 Lombardi, tiene dos art\u00edculos, sin argumentos, y llevaron un par de empresarios caricaturescos, entre ellos un ex gerente de Aerol\u00edneas cuando fue privatizada\u00bb.<\/p>\n\n\n\n<p>\u00abLa verdad es que no tienen un plan de privatizaci\u00f3n, no se sabe si va a ser parcial o total\u00bb, asegur\u00f3. En la misma l\u00ednea, sostuvo que es falso que la empresa es deficitaria, como lo argumenta Milei. \u00abEn el 2022, por cada peso que puso el Estado en Aerol\u00edneas Argentinas, recaud\u00f3 dos. Y en 2023 el Estado puso cero peso, y recaud\u00f3 80 mil millones de pesos. Es decir, la privatizaci\u00f3n ser\u00eda a p\u00e9rdida\u00bb, expuso.<\/p>\n\n\n\n<p>\u00abQuieren liquidar a Aerol\u00edneas Argentinas para convertir esto en un sin reglas. No se est\u00e1 discutiendo solamente la privatizaci\u00f3n de Aerol\u00edneas Argentinas, al mismo tiempo el gobierno ha hecho un decreto de extranjerizaci\u00f3n total de la actividad aerocomercial. Es decir, en la Argentina van a poder volar empresas extranjeras y con personal extranjero. Argentina va a perder el grado de participaci\u00f3n en el mercado aerocomercial mundial\u00bb, concluy\u00f3.<\/p>\n\n\n\n<p>El voto de Diana Mondino en la ONU: \u00abLa situaci\u00f3n es grave. \u00bfC\u00f3mo queda la Argentina frente a esto? Se sabe que en Argentina hay un loco en el poder, y que lo que sucede es imprevisible. No hay ni diez minutos sin una sorpresa, o un dispar\u00e1te que se dice o un avance sobre los derechos. Los embajadores recibimos instrucciones muy precisas, sobre todo con respecto a los votos, y son por cable, escritas. Y el embajador no tiene una alternativa como para hacer una cosa distinta. Pero en el desorden en el que estamos, en el que est\u00e1 la canciller\u00eda, cualquier cosa pudo haber sucedido\u00bb, dijo.<\/p>\n\n\n\n<p>\u00abA m\u00ed me llam\u00f3 la atenci\u00f3n que la Argentina no votara junto a Israel y Estados Unidos, que son los \u00fanicos dos pa\u00edses que tiene sometimiento, relaciones mas que carnales. Estamos como en un virreinato, como si fuese una colonia de Estados Unidos. Habla mucho del desorden \u00e9tico y moral\u00bb, agreg\u00f3.<\/p>\n\n\n\n<p>\u00bfPuede haber intervenci\u00f3n de un Presidente en los embajadores?: \u00abNo, no puede. Le est\u00e1 pidiendo que viole la ley, porque la Argentina tiene tradicionalmente la libre injerencia, determinaci\u00f3n de los pueblos, igualdad jur\u00eddica de los Estados. El Presidente pide que violen los principios b\u00e1sicos que han sentado las bases de nuestra diplomacia\u00bb, indic\u00f3 Castro.<\/p>\n\n\n\n<p>La desmalvinizaci\u00f3n por parte del gobierno: \u00abEstados Unidos e Israel, junto a Reino Unido, no aprueban las resoluciones de Malvinas, entonces c\u00f3mo va a hacer. La desmalvinizaci\u00f3n de este gobierno ya es evidente y escandalosa, publican mapas hasta sin Las Malvinas. Esto tiene que ver con la falta de soberan\u00eda general, con el remate que est\u00e1 haciendo Milei de la Argentina, sus ciudadanos e instituciones\u00bb, resalt\u00f3.<\/p>\n","protected":false},"excerpt":{"rendered":"<p>La ex Embajadora en Reino Unido, Alicia Castro, se refiri\u00f3 al proyecto de privatizaci\u00f3n de la empresa y remarc\u00f3 que<\/p>\n","protected":false},"author":5,"featured_media":67930,"comment_status":"closed","ping_status":"closed","sticky":false,"template":"","format":"standard","meta":{"colormag_page_container_layout":"default_layout","colormag_page_sidebar_layout":"default_layout","footnotes":""},"categories":[6828,8],"tags":[7458,9185,6221],"class_list":["post-67929","post","type-post","status-publish","format-standard","has-post-thumbnail","hentry","category-mas-destacadas","category-politica","tag-aerolineas-argentinas","tag-alicia-castro","tag-javier-milei"],"_links":{"self":[{"href":"https:\/\/sectorprensa.com.ar\/index.php?rest_route=\/wp\/v2\/posts\/67929","targetHints":{"allow":["GET"]}}],"collection":[{"href":"https:\/\/sectorprensa.com.ar\/index.php?rest_route=\/wp\/v2\/posts"}],"about":[{"href":"https:\/\/sectorprensa.com.ar\/index.php?rest_route=\/wp\/v2\/types\/post"}],"author":[{"embeddable":true,"href":"https:\/\/sectorprensa.com.ar\/index.php?rest_route=\/wp\/v2\/users\/5"}],"replies":[{"embeddable":true,"href":"https:\/\/sectorprensa.com.ar\/index.php?rest_route=%2Fwp%2Fv2%2Fcomments&post=67929"}],"version-history":[{"count":1,"href":"https:\/\/sectorprensa.com.ar\/index.php?rest_route=\/wp\/v2\/posts\/67929\/revisions"}],"predecessor-version":[{"id":67931,"href":"https:\/\/sectorprensa.com.ar\/index.php?rest_route=\/wp\/v2\/posts\/67929\/revisions\/67931"}],"wp:featuredmedia":[{"embeddable":true,"href":"https:\/\/sectorprensa.com.ar\/index.php?rest_route=\/wp\/v2\/media\/67930"}],"wp:attachment":[{"href":"https:\/\/sectorprensa.com.ar\/index.php?rest_route=%2Fwp%2Fv2%2Fmedia&parent=67929"}],"wp:term":[{"taxonomy":"category","embeddable":true,"href":"https:\/\/sectorprensa.com.ar\/index.php?rest_route=%2Fwp%2Fv2%2Fcategories&post=67929"},{"taxonomy":"post_tag","embeddable":true,"href":"https:\/\/sectorprensa.com.ar\/index.php?rest_route=%2Fwp%2Fv2%2Ftags&post=67929"}],"curies":[{"name":"wp","href":"https:\/\/api.w.org\/{rel}","templated":true}]}}