{"id":67932,"date":"2024-10-31T23:11:00","date_gmt":"2024-11-01T02:11:00","guid":{"rendered":"https:\/\/sectorprensa.com.ar\/?p=67932"},"modified":"2024-11-11T22:56:12","modified_gmt":"2024-11-12T01:56:12","slug":"merlo-el-distrito-agrando-su-medallero-en-la-etapa-final-de-los-juegos-bonaerenses","status":"publish","type":"post","link":"https:\/\/sectorprensa.com.ar\/?p=67932","title":{"rendered":"Merlo: el distrito agrand\u00f3 su medallero en la etapa final de los Juegos Bonaerenses"},"content":{"rendered":"\n<h6 class=\"wp-block-heading\"><strong>Los representantes de Merlo obtuvieron un total de nueve medallas en la etapa decisiva del certamen.<\/strong><\/h6>\n\n\n\n<p>Los Juegos Bonaerenses se encuentran en su etapa final y los representantes de Merlo, quienes viajaron en la semana hacia Mar del Plata, dieron que hablar con su desempe\u00f1o. En diferentes disciplinas obtuvieron un total de nueve de medallas.<\/p>\n\n\n\n<p>Hasta el momento, los que han conseguido este logro para el municipio son: Gonzalo Hueso (bronce en Freestyle Sub-15), Valentina Contreras (oro en Auditiva Sub-16, 25m libre), Dylan Fuentealba (oro en Auditivo Sub-16, 25m libre), Oriana Scanga (oro en Visual Sub-14, 25m libre), Silvia Barreiro (plata en Lanzamiento Pelota Softbol C), Marcos Barro (2 Intelectual 50m libre +17), Ethel Cejas y Jorge G\u00f3mez (plata en Danza Folcl\u00f3rica de Adultos Mayores), Javier D\u00edaz (plata en 50m libre, Auditivo) y Ayel\u00e9n Gim\u00e9nez (Lanzamiento de Bala Sub-15).<\/p>\n\n\n\n<figure class=\"wp-block-image size-full\"><img loading=\"lazy\" decoding=\"async\" width=\"300\" height=\"250\" src=\"https:\/\/sectorprensa.com.ar\/wp-content\/uploads\/2024\/11\/Dengue_banner-300x250px.jpg\" alt=\"\" class=\"wp-image-67960\"\/><\/figure>\n\n\n\n<p>\u201cEstamos felices con nuestra delegaci\u00f3n de 700 participantes, en este encuentro que propone el Gobierno de la Provincia de Buenos Aires\u201d, manifest\u00f3 el Intendente Gustavo Men\u00e9ndez.<\/p>\n\n\n\n<figure class=\"wp-block-embed is-type-wp-embed is-provider-sector-prensa wp-block-embed-sector-prensa\"><div class=\"wp-block-embed__wrapper\">\n<blockquote class=\"wp-embedded-content\" data-secret=\"xK2GAU1Xqd\"><a href=\"https:\/\/sectorprensa.com.ar\/?p=67866\">Merlo: la delegaci\u00f3n particip\u00f3 del acto de apertura de la final de los Juegos Bonaerenses<\/a><\/blockquote><iframe loading=\"lazy\" class=\"wp-embedded-content\" sandbox=\"allow-scripts\" security=\"restricted\" style=\"position: absolute; clip: rect(1px, 1px, 1px, 1px);\" title=\"\u00abMerlo: la delegaci\u00f3n particip\u00f3 del acto de apertura de la final de los Juegos Bonaerenses\u00bb \u2014 Sector Prensa\" src=\"https:\/\/sectorprensa.com.ar\/?p=67866&#038;embed=true#?secret=38oG0vbrMu#?secret=xK2GAU1Xqd\" data-secret=\"xK2GAU1Xqd\" width=\"600\" height=\"338\" frameborder=\"0\" marginwidth=\"0\" marginheight=\"0\" scrolling=\"no\"><\/iframe>\n<\/div><\/figure>\n","protected":false},"excerpt":{"rendered":"<p>Los representantes de Merlo obtuvieron un total de nueve medallas en la etapa decisiva del certamen. Los Juegos Bonaerenses se<\/p>\n","protected":false},"author":5,"featured_media":67933,"comment_status":"closed","ping_status":"closed","sticky":false,"template":"","format":"standard","meta":{"colormag_page_container_layout":"default_layout","colormag_page_sidebar_layout":"default_layout","footnotes":""},"categories":[17,7,1173],"tags":[2793,25],"class_list":["post-67932","post","type-post","status-publish","format-standard","has-post-thumbnail","hentry","category-destacadas","category-merlo","category-municipales","tag-juegos-bonaerenses","tag-merlo"],"_links":{"self":[{"href":"https:\/\/sectorprensa.com.ar\/index.php?rest_route=\/wp\/v2\/posts\/67932","targetHints":{"allow":["GET"]}}],"collection":[{"href":"https:\/\/sectorprensa.com.ar\/index.php?rest_route=\/wp\/v2\/posts"}],"about":[{"href":"https:\/\/sectorprensa.com.ar\/index.php?rest_route=\/wp\/v2\/types\/post"}],"author":[{"embeddable":true,"href":"https:\/\/sectorprensa.com.ar\/index.php?rest_route=\/wp\/v2\/users\/5"}],"replies":[{"embeddable":true,"href":"https:\/\/sectorprensa.com.ar\/index.php?rest_route=%2Fwp%2Fv2%2Fcomments&post=67932"}],"version-history":[{"count":2,"href":"https:\/\/sectorprensa.com.ar\/index.php?rest_route=\/wp\/v2\/posts\/67932\/revisions"}],"predecessor-version":[{"id":68228,"href":"https:\/\/sectorprensa.com.ar\/index.php?rest_route=\/wp\/v2\/posts\/67932\/revisions\/68228"}],"wp:featuredmedia":[{"embeddable":true,"href":"https:\/\/sectorprensa.com.ar\/index.php?rest_route=\/wp\/v2\/media\/67933"}],"wp:attachment":[{"href":"https:\/\/sectorprensa.com.ar\/index.php?rest_route=%2Fwp%2Fv2%2Fmedia&parent=67932"}],"wp:term":[{"taxonomy":"category","embeddable":true,"href":"https:\/\/sectorprensa.com.ar\/index.php?rest_route=%2Fwp%2Fv2%2Fcategories&post=67932"},{"taxonomy":"post_tag","embeddable":true,"href":"https:\/\/sectorprensa.com.ar\/index.php?rest_route=%2Fwp%2Fv2%2Ftags&post=67932"}],"curies":[{"name":"wp","href":"https:\/\/api.w.org\/{rel}","templated":true}]}}