{"id":68023,"date":"2024-11-05T08:49:31","date_gmt":"2024-11-05T11:49:31","guid":{"rendered":"https:\/\/sectorprensa.com.ar\/?p=68023"},"modified":"2024-11-05T08:49:32","modified_gmt":"2024-11-05T11:49:32","slug":"bianco-la-politica-de-obra-publica-cero-tiene-consecuencias","status":"publish","type":"post","link":"https:\/\/sectorprensa.com.ar\/?p=68023","title":{"rendered":"Bianco: \u201cLa pol\u00edtica de obra p\u00fablica cero tiene consecuencias\u201d"},"content":{"rendered":"\n<h6 class=\"wp-block-heading\"><strong>Autoridades del Gabinete bonaerense presentaron la situaci\u00f3n en materia social y econ\u00f3mica, as\u00ed como medidas de impulso al consummo y de asistencia alimentaria a barrios populares, entre otros anuncios.<\/strong><\/h6>\n\n\n\n<p>\u201cEn la provincia de Buenos Aires hay m\u00e1s de mil obras que estaban siendo ejecutadas por el Gobierno nacional y que han sido abandonadas. Se trata de obras estrat\u00e9gicas, a las que se suma el recorte de recursos que leg\u00edtimamente les corresponden a las y los bonaerenses\u201d, sostuvo el ministro de Gobierno de la provincia de Buenos Aires, Carlos Bianco, al encabezar la conferencia de prensa semanal junto al presidente del Banco Provincia, Juan Cuattromo, el director ejecutivo de la Agencia de Recaudaci\u00f3n de la provincia de Buenos Aires (ARBA), Cristian Girard, y la directora ejecutiva del Organismo Provincial de Integraci\u00f3n Social y Urbana (OPISU), Romina Barrios.<\/p>\n\n\n\n<p>Durante el encuentro, las y los funcionarios presentaron nuevos beneficios a trav\u00e9s de la aplicaci\u00f3n Cuenta DNI, el lanzamiento de cr\u00e9ditos para el sector tur\u00edstico del Banco Provincia, un plan para la regularizaci\u00f3n de deudas con ARBA y un programa de asistencia alimentaria destinado a barrios populares de la Provincia.<\/p>\n\n\n\n<p>En ese marco, Bianco se refiri\u00f3 a las tragedias ocurridas por el derrumbe del Hotel Dubrovnik en Villa Gesell y el accidente automovil\u00edstico en la Ruta Nacional N\u00b07, en el que fallecieron cuatro efectivos de la Polic\u00eda Bonaerense, y transmiti\u00f3 las condolencias del Gobierno de la Provincia a los familiares y amigos de las v\u00edctimas de ambos hechos.<\/p>\n\n\n\n<p>El Ministro tambi\u00e9n se manifest\u00f3 sobre el proyecto enviado por un diputado del PRO en el que se sostiene que el Gobierno bonaerense debe reclamar ante el Estado nacional la construcci\u00f3n de una autopista en la Ruta Nacional N\u00b05: \u201cFrente a un proyecto que claramente busca obtener un r\u00e9dito pol\u00edtico de la tragedia ocurrida en la Ruta N\u00b07, propongo una soluci\u00f3n m\u00e1s sencilla: que los legisladores reclamen de forma directa al presidente Milei, teniendo en cuenta que el PRO es una fuerza que cogobierna en el Gobierno nacional\u201d. En ese sentido, Bianco expres\u00f3: \u201cFinalmente se dieron cuenta de que la pol\u00edtica de obra p\u00fablica cero tiene consecuencias y, a veces, se paga con vidas.\u201d<\/p>\n\n\n\n<p>Por su parte, Cuattromo anunci\u00f3 los beneficios de la billetera digital Cuenta DNI para noviembre, que incluyen un 25% de ahorro en supermercados los d\u00edas 11 y 12, con un tope de reintegro de $5.000 por persona, y un 40% de descuento todos los d\u00edas, con un tope de $4.000 semanales por persona, en ferias y mercados bonaerenses, as\u00ed como en comercios adheridos de universidades y veterinarias.<\/p>\n\n\n\n<p>Asimismo, el presidente de la banca p\u00fablica bonaerense present\u00f3 nuevos cr\u00e9ditos para el sector tur\u00edstico a una tasa fija del 42% anual y por un plazo de 24 meses. \u201cEn este contexto donde la actividad econ\u00f3mica, el consumo, el mercado interno y la industria nacional est\u00e1n sufriendo el ajuste del Gobierno nacional, desde el Banco Provincia utilizamos todas nuestras herramientas para mejorar la capacidad de compra de las y los bonaerenses y darles a las pymes y los peque\u00f1os comercios las mejores condiciones de financiamiento para que puedan llevar adelante sus actividades\u201d, destac\u00f3 el funcionario.<\/p>\n\n\n\n<p>A su turno, el Director Ejecutivo de ARBA anunci\u00f3 el lanzamiento de un nuevo plan de pagos para la regularizaci\u00f3n de deudas judiciales y prejudiciales en Inmobiliario Urbano y Rural, Automotor y Embarcaciones Deportivas.<\/p>\n\n\n\n<p>\u201cImplementamos un nuevo plan de pagos expr\u00e9s que s\u00f3lo estar\u00e1 disponible hasta el 15 de diciembre, con beneficios escalonados que permiten regularizar deudas y estar en condiciones de acceder a las bonificaciones por buen cumplimiento que ofreceremos el a\u00f1o pr\u00f3ximo\u201d, afirm\u00f3 Girard y agreg\u00f3: \u201cEste plan surge como respuesta a la dif\u00edcil situaci\u00f3n econ\u00f3mica y busca que los siete millones de contribuyentes puedan regularizar sus deudas\u201d.<\/p>\n\n\n\n<p>En su primera etapa, hasta el 30 de noviembre, el plan ofrece una bonificaci\u00f3n total en los intereses acumulados, con un descuento de hasta el 30% en intereses por pago contado, sin reducci\u00f3n del capital, adem\u00e1s de la opci\u00f3n de pagar en tres cuotas con una bonificaci\u00f3n del 10% en intereses. En la segunda etapa, del 1 al 15 de diciembre, el descuento por pago contado ser\u00e1 de hasta el 25% en intereses adeudados.<\/p>\n\n\n\n<p>Finalmente, Barrios present\u00f3 el Programa de Seguridad Alimentaria y Nutrici\u00f3n Adecuada, una iniciativa que busca dar respuesta a la creciente demanda alimentaria de las comunidades en situaci\u00f3n de vulnerabilidad de los barrios populares bonaerenses.<\/p>\n\n\n\n<p>\u201cDesde el Gobierno de la Provincia hemos firmado convenios con las universidades nacionales de Quilmes y La Plata para proveer estos alimentos en nuestros barrios populares, articulando junto a las comunidades organizadas y apoy\u00e1ndonos en nuestros equipos de nutrici\u00f3n para fortalecer una tarea que ha sido abandonada desde el Gobierno nacional\u201d, explic\u00f3 la directora ejecutiva de OPISU.<\/p>\n\n\n\n<p>En este sentido, Barrios se\u00f1al\u00f3: \u201cLa estrategia que estamos implementando busca alcanzar los dos millones de raciones en m\u00e1s de 300 barrios populares de 40 municipios bonaerenses. El objetivo es llegar a trescientas mil familias con un abordaje integral que articula a las distintas \u00e1reas del Estado con instituciones barriales y universidades, en un trabajo conjunto\u201d.<\/p>\n\n\n\n<figure class=\"wp-block-embed is-type-wp-embed is-provider-sector-prensa wp-block-embed-sector-prensa\"><div class=\"wp-block-embed__wrapper\">\n<blockquote class=\"wp-embedded-content\" data-secret=\"iYwLGwc1n5\"><a href=\"https:\/\/sectorprensa.com.ar\/?p=67957\">Provincia: se confirm\u00f3 el primer caso aut\u00f3ctono<\/a><\/blockquote><iframe loading=\"lazy\" class=\"wp-embedded-content\" sandbox=\"allow-scripts\" security=\"restricted\" style=\"position: absolute; clip: rect(1px, 1px, 1px, 1px);\" title=\"\u00abProvincia: se confirm\u00f3 el primer caso aut\u00f3ctono\u00bb \u2014 Sector Prensa\" src=\"https:\/\/sectorprensa.com.ar\/?p=67957&#038;embed=true#?secret=7fPnx2jMcp#?secret=iYwLGwc1n5\" data-secret=\"iYwLGwc1n5\" width=\"600\" height=\"338\" frameborder=\"0\" marginwidth=\"0\" marginheight=\"0\" scrolling=\"no\"><\/iframe>\n<\/div><\/figure>\n","protected":false},"excerpt":{"rendered":"<p>Autoridades del Gabinete bonaerense presentaron la situaci\u00f3n en materia social y econ\u00f3mica, as\u00ed como medidas de impulso al consummo y<\/p>\n","protected":false},"author":6,"featured_media":68024,"comment_status":"closed","ping_status":"closed","sticky":false,"template":"","format":"standard","meta":{"colormag_page_container_layout":"default_layout","colormag_page_sidebar_layout":"default_layout","footnotes":""},"categories":[17,8,18],"tags":[4440],"class_list":["post-68023","post","type-post","status-publish","format-standard","has-post-thumbnail","hentry","category-destacadas","category-politica","category-provincia","tag-carlos-bianco"],"_links":{"self":[{"href":"https:\/\/sectorprensa.com.ar\/index.php?rest_route=\/wp\/v2\/posts\/68023","targetHints":{"allow":["GET"]}}],"collection":[{"href":"https:\/\/sectorprensa.com.ar\/index.php?rest_route=\/wp\/v2\/posts"}],"about":[{"href":"https:\/\/sectorprensa.com.ar\/index.php?rest_route=\/wp\/v2\/types\/post"}],"author":[{"embeddable":true,"href":"https:\/\/sectorprensa.com.ar\/index.php?rest_route=\/wp\/v2\/users\/6"}],"replies":[{"embeddable":true,"href":"https:\/\/sectorprensa.com.ar\/index.php?rest_route=%2Fwp%2Fv2%2Fcomments&post=68023"}],"version-history":[{"count":1,"href":"https:\/\/sectorprensa.com.ar\/index.php?rest_route=\/wp\/v2\/posts\/68023\/revisions"}],"predecessor-version":[{"id":68025,"href":"https:\/\/sectorprensa.com.ar\/index.php?rest_route=\/wp\/v2\/posts\/68023\/revisions\/68025"}],"wp:featuredmedia":[{"embeddable":true,"href":"https:\/\/sectorprensa.com.ar\/index.php?rest_route=\/wp\/v2\/media\/68024"}],"wp:attachment":[{"href":"https:\/\/sectorprensa.com.ar\/index.php?rest_route=%2Fwp%2Fv2%2Fmedia&parent=68023"}],"wp:term":[{"taxonomy":"category","embeddable":true,"href":"https:\/\/sectorprensa.com.ar\/index.php?rest_route=%2Fwp%2Fv2%2Fcategories&post=68023"},{"taxonomy":"post_tag","embeddable":true,"href":"https:\/\/sectorprensa.com.ar\/index.php?rest_route=%2Fwp%2Fv2%2Ftags&post=68023"}],"curies":[{"name":"wp","href":"https:\/\/api.w.org\/{rel}","templated":true}]}}