{"id":68028,"date":"2024-11-04T15:41:40","date_gmt":"2024-11-04T18:41:40","guid":{"rendered":"https:\/\/sectorprensa.com.ar\/?p=68028"},"modified":"2024-11-04T15:41:41","modified_gmt":"2024-11-04T18:41:41","slug":"en-buena-medida-somos-todos-culpables-del-problema-del-peronismo","status":"publish","type":"post","link":"https:\/\/sectorprensa.com.ar\/?p=68028","title":{"rendered":"\u00abEn buena medida, somos todos culpables del problema del peronismo\u00bb"},"content":{"rendered":"\n<h6 class=\"wp-block-heading\"><strong>Fernando Galmarini analiz\u00f3 la interna que atraviesa el espacio pol\u00edtico y expres\u00f3 su apoyo a Ricardo Quintela, quien no podr\u00e1 competir por la presidencia del PJ. Por otra parte, asegur\u00f3 que \u00abpor momentos era m\u00e1s f\u00e1cil escuchar el kirchnerismo o cristinismo, que la marcha peronista\u00bb.<\/strong><\/h6>\n\n\n\n<p>La interna en el peronismo parece haber crecido a\u00fan m\u00e1s luego de que la justicia rechazara el pedido de Ricardo Quintela, Gobernador de La Rioja, para postergar las elecciones en el Partido Justicialista, por lo que Cristina Fern\u00e1ndez de Kirchner ser\u00e1 la Presidenta del partido. En medio de toda esta situaci\u00f3n, Fernando Galmarini di\u00e1logo con un medio radial y analiz\u00f3 la problem\u00e1tica del espacio, asegurando que \u00aben buena medida, somos todos culpables\u00bb. Adem\u00e1s, anticip\u00f3 que se reunir\u00e1 con el riojano y expres\u00f3 su apoyo hacia \u00e9l.<\/p>\n\n\n\n<p>\u00abEl problema del peronismo viene hace tiempo y somos culpables todos, en buena medida. Pero estos \u00faltimos tiempos han sido m\u00e1s f\u00e1ciles para poder haber reconstruido el movimiento, pero no lo supimos hacer, no lo supieron hacer quienes ten\u00edan la obligaci\u00f3n. Nos encontramos en un momento complicado de nuestra vida. Pero saldremos, no tengo ninguna duda. Nuestra historia es larga, pesada, muy dif\u00edcil, y todas hemos salido\u00bb, analiz\u00f3 en una entrevista con el programa \u00abEl Tanke de B\u00fanker\u00bb, en Radio B\u00fanker 94.9, sobre la situaci\u00f3n del espacio.<\/p>\n\n\n\n<p>\u00abQuiero darle mi apoyo a Quintela\u00bb, expres\u00f3 y agreg\u00f3 que \u00abha sido alguien que tuvo mucho coraje y decisi\u00f3n. Ha salido a intentar reconstruir el peronismo\u00bb.<\/p>\n\n\n\n<p>Fuera de las elecciones del PJ, \u00bfc\u00f3mo construir\u00e1 Quintela su parte?: \u00abYo lo ver\u00e9 hoy o ma\u00f1ana, escuchar\u00e9 lo que dice. Estoy seguro de que va a seguir esta pelea. En definitiva, no es solamente la pelea de Ricardo Quintela, es una que el peronismo necesita dar para juntar todo lo que se debe. Muchos compa\u00f1eros se han sentido marginados, no escuchados. Hasta te dir\u00eda que por momentos era m\u00e1s f\u00e1cil escuchar el cristinimos o kirchnerismo, que la marcha peronista\u00bb, dijo.<\/p>\n\n\n\n<p>\u00bfHabr\u00e1 una reuni\u00f3n entre Cristina y Quintela?: \u00abLo que charle con compa\u00f1eros es que alguien de Cristina lo ha llamado, que lo mejor ser\u00eda que ella lo llame. Durante todas las \u00e9pocas, los compa\u00f1eros y compa\u00f1eras los llam\u00e1bamos nosotros, no ten\u00edamos prejuicios con los que est\u00e1bamos peleados. La comunicaci\u00f3n entre nosotros deber\u00eda ser m\u00e1s franca\u00bb, asegur\u00f3.<\/p>\n\n\n\n<p>El gobierno de Mileii y de Menem, al cual Galmarini perteneci\u00f3: \u00abNo tienen nada que ver. Milei ha vuelto ser lo que han sido los hombres m\u00e1s oscuros de la Argentina\u00bb, se\u00f1al\u00f3.<\/p>\n\n\n\n<figure class=\"wp-block-embed is-type-wp-embed is-provider-sector-prensa wp-block-embed-sector-prensa\"><div class=\"wp-block-embed__wrapper\">\n<blockquote class=\"wp-embedded-content\" data-secret=\"koAnYyKcC3\"><a href=\"https:\/\/sectorprensa.com.ar\/?p=67929\">\u00abQuieren liquidar a Aerol\u00edneas Argentinas\u00bb<\/a><\/blockquote><iframe loading=\"lazy\" class=\"wp-embedded-content\" sandbox=\"allow-scripts\" security=\"restricted\" style=\"position: absolute; clip: rect(1px, 1px, 1px, 1px);\" title=\"\u00ab\u00abQuieren liquidar a Aerol\u00edneas Argentinas\u00bb\u00bb \u2014 Sector Prensa\" src=\"https:\/\/sectorprensa.com.ar\/?p=67929&#038;embed=true#?secret=TuOsqwXUTS#?secret=koAnYyKcC3\" data-secret=\"koAnYyKcC3\" width=\"600\" height=\"338\" frameborder=\"0\" marginwidth=\"0\" marginheight=\"0\" scrolling=\"no\"><\/iframe>\n<\/div><\/figure>\n","protected":false},"excerpt":{"rendered":"<p>Fernando Galmarini analiz\u00f3 la interna que atraviesa el espacio pol\u00edtico y expres\u00f3 su apoyo a Ricardo Quintela, quien no podr\u00e1<\/p>\n","protected":false},"author":5,"featured_media":68036,"comment_status":"closed","ping_status":"closed","sticky":false,"template":"","format":"standard","meta":{"colormag_page_container_layout":"default_layout","colormag_page_sidebar_layout":"default_layout","footnotes":""},"categories":[6828,8],"tags":[9196,5769,505],"class_list":["post-68028","post","type-post","status-publish","format-standard","has-post-thumbnail","hentry","category-mas-destacadas","category-politica","tag-fernando-galmarini","tag-partido-justicialista","tag-peronismo"],"_links":{"self":[{"href":"https:\/\/sectorprensa.com.ar\/index.php?rest_route=\/wp\/v2\/posts\/68028","targetHints":{"allow":["GET"]}}],"collection":[{"href":"https:\/\/sectorprensa.com.ar\/index.php?rest_route=\/wp\/v2\/posts"}],"about":[{"href":"https:\/\/sectorprensa.com.ar\/index.php?rest_route=\/wp\/v2\/types\/post"}],"author":[{"embeddable":true,"href":"https:\/\/sectorprensa.com.ar\/index.php?rest_route=\/wp\/v2\/users\/5"}],"replies":[{"embeddable":true,"href":"https:\/\/sectorprensa.com.ar\/index.php?rest_route=%2Fwp%2Fv2%2Fcomments&post=68028"}],"version-history":[{"count":1,"href":"https:\/\/sectorprensa.com.ar\/index.php?rest_route=\/wp\/v2\/posts\/68028\/revisions"}],"predecessor-version":[{"id":68042,"href":"https:\/\/sectorprensa.com.ar\/index.php?rest_route=\/wp\/v2\/posts\/68028\/revisions\/68042"}],"wp:featuredmedia":[{"embeddable":true,"href":"https:\/\/sectorprensa.com.ar\/index.php?rest_route=\/wp\/v2\/media\/68036"}],"wp:attachment":[{"href":"https:\/\/sectorprensa.com.ar\/index.php?rest_route=%2Fwp%2Fv2%2Fmedia&parent=68028"}],"wp:term":[{"taxonomy":"category","embeddable":true,"href":"https:\/\/sectorprensa.com.ar\/index.php?rest_route=%2Fwp%2Fv2%2Fcategories&post=68028"},{"taxonomy":"post_tag","embeddable":true,"href":"https:\/\/sectorprensa.com.ar\/index.php?rest_route=%2Fwp%2Fv2%2Ftags&post=68028"}],"curies":[{"name":"wp","href":"https:\/\/api.w.org\/{rel}","templated":true}]}}