{"id":68055,"date":"2024-11-05T08:49:59","date_gmt":"2024-11-05T11:49:59","guid":{"rendered":"https:\/\/sectorprensa.com.ar\/?p=68055"},"modified":"2024-11-05T08:50:00","modified_gmt":"2024-11-05T11:50:00","slug":"se-firmo-el-convenio-de-creacion-del-consorcio-de-la-autopista-presidente-peron","status":"publish","type":"post","link":"https:\/\/sectorprensa.com.ar\/?p=68055","title":{"rendered":"Se firm\u00f3 el convenio de creaci\u00f3n del Consorcio de la Autopista Presidente Per\u00f3n"},"content":{"rendered":"\n<h6 class=\"wp-block-heading\"><strong>Tiene como objetivo impulsar el traspaso de jurisdicci\u00f3n de la \u00f3rbita nacional a la provincial para poder reactivar y finalizar las obras.&nbsp;<\/strong><\/h6>\n\n\n\n<p>El gobernador de la provincia de Buenos Aires, Axel Kicillof, se reuni\u00f3 este lunes con intendentes bonaerenses para celebrar la firma del convenio de creaci\u00f3n del Consorcio de Gesti\u00f3n y Desarrollo de la Autopista Presidente Per\u00f3n. Fue en el Sal\u00f3n de los Acuerdos de la Casa de Gobierno, junto a la vicegobernadora Ver\u00f3nica Magario y los ministros de Gobierno, Carlos Bianco, y de Infraestructura y Servicios P\u00fablicos, Gabriel Katopodis.&nbsp;<\/p>\n\n\n\n<p>Adhirieron al consorcio los intendentes de Florencio Varela, Andr\u00e9s Watson; de Ezeiza, Gast\u00f3n Granados; de Ituzaing\u00f3, Pablo Descalzo; de San Vicente, Nicol\u00e1s Mantegazza; y de Merlo, Gustavo Men\u00e9ndez.&nbsp;<\/p>\n\n\n\n<p>En ese marco, Kicillof afirm\u00f3: \u201cEste convenio es el resultado de un trabajo que venimos realizando junto a un grupo de intendentes bonaerenses para institucionalizar el Consorcio de Gesti\u00f3n y Desarrollo de la Autopista Presidente Per\u00f3n\u201d. \u201cEsta es una de las tantas obras que el Gobierno nacional tiene totalmente paralizada en la provincia de Buenos Aires: trabajamos para que nos transfieran la jurisdicci\u00f3n y podamos hacernos cargo de este proyecto tan importante para las y los bonaerenses\u201d, agreg\u00f3.<\/p>\n\n\n\n<figure class=\"wp-block-embed is-type-rich is-provider-twitter wp-block-embed-twitter\"><div class=\"wp-block-embed__wrapper\">\nhttps:\/\/twitter.com\/Kicillofok\/status\/1853543607522984067\n<\/div><\/figure>\n\n\n\n<p>\u201cJunto a los y las intendentas de los municipios que se encuentran sobre la autopista estamos dispuestos a encarar las obras que quedaron inconclusas y a seguir trabajando en la planificaci\u00f3n de la zona\u201d, destac\u00f3 el Gobernador y a\u00f1adi\u00f3: \u201cNo solo hay que dar una respuesta a los problemas de inseguridad con m\u00e1s postas policiales, sino tambi\u00e9n avanzar con un gran plan de desarrollo p\u00fablico y privado\u201d.<\/p>\n\n\n\n<p>El consorcio tiene como objetivo impulsar el traspaso de jurisdicci\u00f3n de la \u00f3rbita nacional a la provincial para poder reactivar y finalizar las obras. Adem\u00e1s, busca dise\u00f1ar un plan integral para el entorno de la traza, que incluya el fortalecimiento de agrupamientos industriales, la mejora de las condiciones habitacionales de los barrios lindantes y una mayor inversi\u00f3n en materia sanitaria, educativa y de seguridad en la regi\u00f3n.<\/p>\n\n\n\n<figure class=\"wp-block-embed is-type-rich is-provider-twitter wp-block-embed-twitter\"><div class=\"wp-block-embed__wrapper\">\nhttps:\/\/twitter.com\/Kicillofok\/status\/1853543617324892507\n<\/div><\/figure>\n\n\n\n<p>Estuvieron presentes la jefa de Asesores del Gobernador, Cristina \u00c1lvarez Rodr\u00edguez; los ministros de Producci\u00f3n, Ciencia e Innovaci\u00f3n Tecnol\u00f3gica, Augusto Costa; de Salud, Nicol\u00e1s Kreplak; de Desarrollo de la Comunidad, Andr\u00e9s Larroque; y de Transporte, Jorge D\u2019Onofrio; el director General de Cultura y Educaci\u00f3n, Alberto Sileoni; y la subsecretaria de Pol\u00edtica Ambiental, Tamara Basteiro.<\/p>\n\n\n\n<figure class=\"wp-block-embed is-type-wp-embed is-provider-sector-prensa wp-block-embed-sector-prensa\"><div class=\"wp-block-embed__wrapper\">\n<blockquote class=\"wp-embedded-content\" data-secret=\"BoeLlhwvj4\"><a href=\"https:\/\/sectorprensa.com.ar\/?p=68023\">Bianco: \u201cLa pol\u00edtica de obra p\u00fablica cero tiene consecuencias\u201d<\/a><\/blockquote><iframe loading=\"lazy\" class=\"wp-embedded-content\" sandbox=\"allow-scripts\" security=\"restricted\" style=\"position: absolute; clip: rect(1px, 1px, 1px, 1px);\" title=\"\u00abBianco: \u201cLa pol\u00edtica de obra p\u00fablica cero tiene consecuencias\u201d\u00bb \u2014 Sector Prensa\" src=\"https:\/\/sectorprensa.com.ar\/?p=68023&#038;embed=true#?secret=vkfuHYWNLg#?secret=BoeLlhwvj4\" data-secret=\"BoeLlhwvj4\" width=\"600\" height=\"338\" frameborder=\"0\" marginwidth=\"0\" marginheight=\"0\" scrolling=\"no\"><\/iframe>\n<\/div><\/figure>\n","protected":false},"excerpt":{"rendered":"<p>Tiene como objetivo impulsar el traspaso de jurisdicci\u00f3n de la \u00f3rbita nacional a la provincial para poder reactivar y finalizar<\/p>\n","protected":false},"author":6,"featured_media":68056,"comment_status":"closed","ping_status":"closed","sticky":false,"template":"","format":"standard","meta":{"colormag_page_container_layout":"default_layout","colormag_page_sidebar_layout":"default_layout","footnotes":""},"categories":[17,8,18,10],"tags":[4586],"class_list":["post-68055","post","type-post","status-publish","format-standard","has-post-thumbnail","hentry","category-destacadas","category-politica","category-provincia","category-sociedad","tag-autopista-presidente-peron"],"_links":{"self":[{"href":"https:\/\/sectorprensa.com.ar\/index.php?rest_route=\/wp\/v2\/posts\/68055","targetHints":{"allow":["GET"]}}],"collection":[{"href":"https:\/\/sectorprensa.com.ar\/index.php?rest_route=\/wp\/v2\/posts"}],"about":[{"href":"https:\/\/sectorprensa.com.ar\/index.php?rest_route=\/wp\/v2\/types\/post"}],"author":[{"embeddable":true,"href":"https:\/\/sectorprensa.com.ar\/index.php?rest_route=\/wp\/v2\/users\/6"}],"replies":[{"embeddable":true,"href":"https:\/\/sectorprensa.com.ar\/index.php?rest_route=%2Fwp%2Fv2%2Fcomments&post=68055"}],"version-history":[{"count":2,"href":"https:\/\/sectorprensa.com.ar\/index.php?rest_route=\/wp\/v2\/posts\/68055\/revisions"}],"predecessor-version":[{"id":68062,"href":"https:\/\/sectorprensa.com.ar\/index.php?rest_route=\/wp\/v2\/posts\/68055\/revisions\/68062"}],"wp:featuredmedia":[{"embeddable":true,"href":"https:\/\/sectorprensa.com.ar\/index.php?rest_route=\/wp\/v2\/media\/68056"}],"wp:attachment":[{"href":"https:\/\/sectorprensa.com.ar\/index.php?rest_route=%2Fwp%2Fv2%2Fmedia&parent=68055"}],"wp:term":[{"taxonomy":"category","embeddable":true,"href":"https:\/\/sectorprensa.com.ar\/index.php?rest_route=%2Fwp%2Fv2%2Fcategories&post=68055"},{"taxonomy":"post_tag","embeddable":true,"href":"https:\/\/sectorprensa.com.ar\/index.php?rest_route=%2Fwp%2Fv2%2Ftags&post=68055"}],"curies":[{"name":"wp","href":"https:\/\/api.w.org\/{rel}","templated":true}]}}