{"id":68091,"date":"2024-11-06T19:33:24","date_gmt":"2024-11-06T22:33:24","guid":{"rendered":"https:\/\/sectorprensa.com.ar\/?p=68091"},"modified":"2024-11-06T19:33:25","modified_gmt":"2024-11-06T22:33:25","slug":"la-secretaria-de-cultura-pasara-a-depender-de-javier-milei","status":"publish","type":"post","link":"https:\/\/sectorprensa.com.ar\/?p=68091","title":{"rendered":"La Secretar\u00eda de Cultura pasar\u00e1 a depender de Javier Milei"},"content":{"rendered":"\n<h6 class=\"wp-block-heading\"><strong>\u00abCon el objetivo de optimizar la gesti\u00f3n, resulta conveniente suprimir las competencias asignadas al Ministerio de Capital Humano\u00bb, argument\u00f3 el Presidente.<\/strong><\/h6>\n\n\n\n<p>Siguen los cambios en la estructura del gobierno nacional. Por medio del Decreto 989\/2024, se anunci\u00f3 que la Secretar\u00eda de la Cultura pasar\u00e1 a depender del Presidente Javier Milei, anteriormente lo hac\u00eda del Ministerio de Capital Humano. El Ejecutivo Nacional argument\u00f3 que \u00abel objetivo es optimizar la gesti\u00f3n\u00bb.<\/p>\n\n\n\n<p>De esta manera, esta \u00e1rea se suma a otras ya gestionadas por el mandatario como Planeamiento Estrat\u00e9gico y Comunicaci\u00f3n y Medios. En el texto se indica que \u00abcon el objetivo de optimizar la gesti\u00f3n, resulta conveniente suprimir las competencias asignadas al Ministerio de Capital Humano en todo lo concerniente a la cultura\u00bb.<\/p>\n\n\n\n<p> A partir de esta medida, la cartera liderada por Sandra Pettovello tendr\u00e1 como competencias principales la educaci\u00f3n, el empleo y la asistencia social.<\/p>\n\n\n\n<figure class=\"wp-block-embed is-type-wp-embed is-provider-sector-prensa wp-block-embed-sector-prensa\"><div class=\"wp-block-embed__wrapper\">\n<blockquote class=\"wp-embedded-content\" data-secret=\"zBrw5d1FoW\"><a href=\"https:\/\/sectorprensa.com.ar\/?p=68023\">Bianco: \u201cLa pol\u00edtica de obra p\u00fablica cero tiene consecuencias\u201d<\/a><\/blockquote><iframe loading=\"lazy\" class=\"wp-embedded-content\" sandbox=\"allow-scripts\" security=\"restricted\" style=\"position: absolute; clip: rect(1px, 1px, 1px, 1px);\" title=\"\u00abBianco: \u201cLa pol\u00edtica de obra p\u00fablica cero tiene consecuencias\u201d\u00bb \u2014 Sector Prensa\" src=\"https:\/\/sectorprensa.com.ar\/?p=68023&#038;embed=true#?secret=SdifOEmxq1#?secret=zBrw5d1FoW\" data-secret=\"zBrw5d1FoW\" width=\"600\" height=\"338\" frameborder=\"0\" marginwidth=\"0\" marginheight=\"0\" scrolling=\"no\"><\/iframe>\n<\/div><\/figure>\n","protected":false},"excerpt":{"rendered":"<p>\u00abCon el objetivo de optimizar la gesti\u00f3n, resulta conveniente suprimir las competencias asignadas al Ministerio de Capital Humano\u00bb, argument\u00f3 el<\/p>\n","protected":false},"author":5,"featured_media":68092,"comment_status":"closed","ping_status":"closed","sticky":false,"template":"","format":"standard","meta":{"colormag_page_container_layout":"default_layout","colormag_page_sidebar_layout":"default_layout","footnotes":""},"categories":[17,8],"tags":[6221,7116],"class_list":["post-68091","post","type-post","status-publish","format-standard","has-post-thumbnail","hentry","category-destacadas","category-politica","tag-javier-milei","tag-secretaria-de-cultura"],"_links":{"self":[{"href":"https:\/\/sectorprensa.com.ar\/index.php?rest_route=\/wp\/v2\/posts\/68091","targetHints":{"allow":["GET"]}}],"collection":[{"href":"https:\/\/sectorprensa.com.ar\/index.php?rest_route=\/wp\/v2\/posts"}],"about":[{"href":"https:\/\/sectorprensa.com.ar\/index.php?rest_route=\/wp\/v2\/types\/post"}],"author":[{"embeddable":true,"href":"https:\/\/sectorprensa.com.ar\/index.php?rest_route=\/wp\/v2\/users\/5"}],"replies":[{"embeddable":true,"href":"https:\/\/sectorprensa.com.ar\/index.php?rest_route=%2Fwp%2Fv2%2Fcomments&post=68091"}],"version-history":[{"count":1,"href":"https:\/\/sectorprensa.com.ar\/index.php?rest_route=\/wp\/v2\/posts\/68091\/revisions"}],"predecessor-version":[{"id":68093,"href":"https:\/\/sectorprensa.com.ar\/index.php?rest_route=\/wp\/v2\/posts\/68091\/revisions\/68093"}],"wp:featuredmedia":[{"embeddable":true,"href":"https:\/\/sectorprensa.com.ar\/index.php?rest_route=\/wp\/v2\/media\/68092"}],"wp:attachment":[{"href":"https:\/\/sectorprensa.com.ar\/index.php?rest_route=%2Fwp%2Fv2%2Fmedia&parent=68091"}],"wp:term":[{"taxonomy":"category","embeddable":true,"href":"https:\/\/sectorprensa.com.ar\/index.php?rest_route=%2Fwp%2Fv2%2Fcategories&post=68091"},{"taxonomy":"post_tag","embeddable":true,"href":"https:\/\/sectorprensa.com.ar\/index.php?rest_route=%2Fwp%2Fv2%2Ftags&post=68091"}],"curies":[{"name":"wp","href":"https:\/\/api.w.org\/{rel}","templated":true}]}}