{"id":68108,"date":"2024-11-07T10:02:35","date_gmt":"2024-11-07T13:02:35","guid":{"rendered":"https:\/\/sectorprensa.com.ar\/?p=68108"},"modified":"2024-11-07T10:03:24","modified_gmt":"2024-11-07T13:03:24","slug":"video-moreno-delincuentes-hicieron-un-boquete-y-se-llevaron-20-millones-de-una-joyeria","status":"publish","type":"post","link":"https:\/\/sectorprensa.com.ar\/?p=68108","title":{"rendered":"[Video] Moreno: delincuentes hicieron un boquete y se llevaron $20 millones de una joyer\u00eda"},"content":{"rendered":"\n<h6 class=\"wp-block-heading\"><strong>El hecho ocurri\u00f3 en la joyer\u00eda \u201cIsabella\u201d, ubicada sobre la calle Mart\u00ednez Melo, en pleno centro de Moreno. Los ladrones son buscados por la polic\u00eda.<\/strong><\/h6>\n\n\n\n<p>Un bot\u00edn de 20 millones de pesos fue lo que se llevaron delincuentes de una joyer\u00eda del municipio de Moreno. Dos ladrones subieron por una escalera y saltaron de techo en techo de los comercios hasta llegar a su objetivo. Una vez en el local de venta de joyas y relojes, los delincuentes hicieron un boquete en una de las paredes para poder ingresar. El robo tuvo lugar justo enfrente del Concejo Deliberante local.<\/p>\n\n\n\n<p>En la madrugada de este martes, la tranquilidad de la zona c\u00e9ntrica de Moreno, a una cuadra de la municipalidad local, se vio interrumpida por el sonido de unas alarmas. El ruido daba cuenta de que hab\u00edan ingresado a robar a un local, espec\u00edficamente la joyer\u00eda Isabella, sobre la calle Mart\u00ednez Melo. \u201cTipo 3.30 vino enseguida el servicio de seguridad, pero no pod\u00edan hacer nada porque no estaban armados\u201d, cont\u00f3 Mariela, una testigo, en di\u00e1logo con LN+.<\/p>\n\n\n\n<figure class=\"wp-block-embed is-type-rich is-provider-twitter wp-block-embed-twitter\"><div class=\"wp-block-embed__wrapper\">\n<blockquote class=\"twitter-tweet\" data-width=\"550\" data-dnt=\"true\"><p lang=\"es\" dir=\"ltr\">\ud83d\udea8 BOQUETE Y ROBO MILLONARIO A UNA JOYER\u00cdA<br>&#8211; Tres delincuentes entraron por la pared y se llevaron viente millones de pesos en joyas<br>\ud83d\udccd Moreno <a href=\"https:\/\/t.co\/gjx0eeTVyX\">pic.twitter.com\/gjx0eeTVyX<\/a><\/p>&mdash; V\u00eda Szeta (@mauroszeta) <a href=\"https:\/\/twitter.com\/mauroszeta\/status\/1854505330442481834?ref_src=twsrc%5Etfw\">November 7, 2024<\/a><\/blockquote><script async src=\"https:\/\/platform.twitter.com\/widgets.js\" charset=\"utf-8\"><\/script>\n<\/div><\/figure>\n\n\n\n<p>Una c\u00e1mara de seguridad interna grab\u00f3 el momento justo en que dos ladrones encapuchados ingresaron por el boquete a una oficina de la joyer\u00eda. Luego, con el uso de linternas, los sospechosos se movieron de un lado a otro del inmueble revolviendo cajones y sustrayendo algunos elementos de valor.<\/p>\n\n\n\n<p>Cuando la Polic\u00eda lleg\u00f3 al lugar, los efectivos se entrevistaron con el propietario de la joyer\u00eda, de 53 a\u00f1os, que les inform\u00f3 que desconocidos ingresaron a su local mediante un agujero en la pared de comercio lindante, donde se vende ropa, y da\u00f1aron un ventiluz del fondo.<\/p>\n\n\n\n<p>Seg\u00fan el medio local Semanario actualidad, el robo se extendi\u00f3 a lo largo de siete minutos desde que los ladrones hicieron un boquete para ingresar al comercio y se retiraron. Aparentemente, uno de los delincuentes funcion\u00f3 como \u201ccampana\u201d. Al detectar que arribaba al local un m\u00f3vil de la empresa del monitorio de alarma, pudo dar aviso a los c\u00f3mplices para escapar.<\/p>\n\n\n\n<p>De acuerdo a las primeras reconstrucciones, los delincuentes llegaron a la joyer\u00eda escalando por los edificios linderos y saltando de techo en techo. Una vez en el local asaltado, los ladrones tomaron algunos de los productos exhibidos en la vidriera, principalmente relojes. No es el primer robo en esta modalidad que sufre el due\u00f1o de la joyer\u00eda. Ya hab\u00edan entrado antes de la pandemia.<\/p>\n\n\n\n<p>Peritos de la Polic\u00eda Cient\u00edfica y personal de la Comisar\u00eda 1\u00ba de Moreno realiz\u00f3 las respectivas actuaciones que fueron remitidas a la UFI N.\u00ba 2 del Departamento Judicial de Moreno y General Rodr\u00edguez. La car\u00e1tula de la causa es robo por efracci\u00f3n y por el momento no hay detenidos.<\/p>\n\n\n\n<figure class=\"wp-block-embed is-type-wp-embed is-provider-sector-prensa wp-block-embed-sector-prensa\"><div class=\"wp-block-embed__wrapper\">\n<blockquote class=\"wp-embedded-content\" data-secret=\"Dyv9lIOgxv\"><a href=\"https:\/\/sectorprensa.com.ar\/?p=68020\">\u00bfQu\u00e9 le pas\u00f3 al colectivo que atropell\u00f3 a varias personas y mat\u00f3 a una mujer en Moreno?<\/a><\/blockquote><iframe loading=\"lazy\" class=\"wp-embedded-content\" sandbox=\"allow-scripts\" security=\"restricted\" style=\"position: absolute; clip: rect(1px, 1px, 1px, 1px);\" title=\"\u00ab\u00bfQu\u00e9 le pas\u00f3 al colectivo que atropell\u00f3 a varias personas y mat\u00f3 a una mujer en Moreno?\u00bb \u2014 Sector Prensa\" src=\"https:\/\/sectorprensa.com.ar\/?p=68020&#038;embed=true#?secret=UJUvhvEY2D#?secret=Dyv9lIOgxv\" data-secret=\"Dyv9lIOgxv\" width=\"600\" height=\"338\" frameborder=\"0\" marginwidth=\"0\" marginheight=\"0\" scrolling=\"no\"><\/iframe>\n<\/div><\/figure>\n","protected":false},"excerpt":{"rendered":"<p>El hecho ocurri\u00f3 en la joyer\u00eda \u201cIsabella\u201d, ubicada sobre la calle Mart\u00ednez Melo, en pleno centro de Moreno. Los ladrones<\/p>\n","protected":false},"author":6,"featured_media":68111,"comment_status":"closed","ping_status":"closed","sticky":false,"template":"","format":"standard","meta":{"colormag_page_container_layout":"default_layout","colormag_page_sidebar_layout":"default_layout","footnotes":""},"categories":[6828,2154,12],"tags":[165,2659,74],"class_list":["post-68108","post","type-post","status-publish","format-standard","has-post-thumbnail","hentry","category-mas-destacadas","category-moreno","category-policiales","tag-delincuentes","tag-joyeria","tag-robo"],"_links":{"self":[{"href":"https:\/\/sectorprensa.com.ar\/index.php?rest_route=\/wp\/v2\/posts\/68108","targetHints":{"allow":["GET"]}}],"collection":[{"href":"https:\/\/sectorprensa.com.ar\/index.php?rest_route=\/wp\/v2\/posts"}],"about":[{"href":"https:\/\/sectorprensa.com.ar\/index.php?rest_route=\/wp\/v2\/types\/post"}],"author":[{"embeddable":true,"href":"https:\/\/sectorprensa.com.ar\/index.php?rest_route=\/wp\/v2\/users\/6"}],"replies":[{"embeddable":true,"href":"https:\/\/sectorprensa.com.ar\/index.php?rest_route=%2Fwp%2Fv2%2Fcomments&post=68108"}],"version-history":[{"count":1,"href":"https:\/\/sectorprensa.com.ar\/index.php?rest_route=\/wp\/v2\/posts\/68108\/revisions"}],"predecessor-version":[{"id":68110,"href":"https:\/\/sectorprensa.com.ar\/index.php?rest_route=\/wp\/v2\/posts\/68108\/revisions\/68110"}],"wp:featuredmedia":[{"embeddable":true,"href":"https:\/\/sectorprensa.com.ar\/index.php?rest_route=\/wp\/v2\/media\/68111"}],"wp:attachment":[{"href":"https:\/\/sectorprensa.com.ar\/index.php?rest_route=%2Fwp%2Fv2%2Fmedia&parent=68108"}],"wp:term":[{"taxonomy":"category","embeddable":true,"href":"https:\/\/sectorprensa.com.ar\/index.php?rest_route=%2Fwp%2Fv2%2Fcategories&post=68108"},{"taxonomy":"post_tag","embeddable":true,"href":"https:\/\/sectorprensa.com.ar\/index.php?rest_route=%2Fwp%2Fv2%2Ftags&post=68108"}],"curies":[{"name":"wp","href":"https:\/\/api.w.org\/{rel}","templated":true}]}}