{"id":68241,"date":"2024-11-12T16:08:03","date_gmt":"2024-11-12T19:08:03","guid":{"rendered":"https:\/\/sectorprensa.com.ar\/?p=68241"},"modified":"2024-11-12T16:08:04","modified_gmt":"2024-11-12T19:08:04","slug":"el-gobierno-nacional-anuncio-que-el-plan-procrear-dejara-de-existir","status":"publish","type":"post","link":"https:\/\/sectorprensa.com.ar\/?p=68241","title":{"rendered":"El gobierno nacional anunci\u00f3 que el Plan Procrear dejar\u00e1 de existir"},"content":{"rendered":"\n<h6 class=\"wp-block-heading\"><strong>El anuncio fue realizado por el vocero presidencial Manuel Adorni, quien tambi\u00e9n comunic\u00f3 que se permitir\u00e1n las \u00abhipotecas divisibles\u00bb para los proyectos inmobiliarios que se encuentren en desarrollo.<\/strong><\/h6>\n\n\n\n<p>El Plan Procrear se vio en la cuerda floja cuando la pasada semana se rumore\u00f3 que el gobierno planeaba eliminarlo, adem\u00e1s de subastar las viviendas en construcci\u00f3n. Finalmente, el vocero presidencial Manuel Adorni anunci\u00f3 que \u00abdejar\u00e1 de existir como lo conocemos\u00bb.<\/p>\n\n\n\n<p>\u00abDos novedades econ\u00f3micas: a partir de ma\u00f1ana el plan Procrear tal y como lo conocemos dejar\u00e1 de existir. Adem\u00e1s de esto, se comenzar\u00e1n a permitir las &#8216;hipotecas divisibles&#8217; para proyectos inmobiliarios en desarrollo\u00bb, expres\u00f3 Adorni.<\/p>\n\n\n\n<p>De todas maneras, a\u00fan no se ha oficializado esta medida del gobierno de Javier Milei en el Bolet\u00edn Oficial, pero se espera que en las pr\u00f3ximas horas se publique en el mismo.<\/p>\n\n\n\n<figure class=\"wp-block-embed is-type-wp-embed is-provider-sector-prensa wp-block-embed-sector-prensa\"><div class=\"wp-block-embed__wrapper\">\n<blockquote class=\"wp-embedded-content\" data-secret=\"ufSAAeBfj5\"><a href=\"https:\/\/sectorprensa.com.ar\/?p=68235\">Milei confirm\u00f3 el fin de la recesi\u00f3n<\/a><\/blockquote><iframe loading=\"lazy\" class=\"wp-embedded-content\" sandbox=\"allow-scripts\" security=\"restricted\" style=\"position: absolute; clip: rect(1px, 1px, 1px, 1px);\" title=\"\u00abMilei confirm\u00f3 el fin de la recesi\u00f3n\u00bb \u2014 Sector Prensa\" src=\"https:\/\/sectorprensa.com.ar\/?p=68235&#038;embed=true#?secret=MmrgJ7zWVN#?secret=ufSAAeBfj5\" data-secret=\"ufSAAeBfj5\" width=\"600\" height=\"338\" frameborder=\"0\" marginwidth=\"0\" marginheight=\"0\" scrolling=\"no\"><\/iframe>\n<\/div><\/figure>\n","protected":false},"excerpt":{"rendered":"<p>El anuncio fue realizado por el vocero presidencial Manuel Adorni, quien tambi\u00e9n comunic\u00f3 que se permitir\u00e1n las \u00abhipotecas divisibles\u00bb para<\/p>\n","protected":false},"author":5,"featured_media":68242,"comment_status":"closed","ping_status":"closed","sticky":false,"template":"","format":"standard","meta":{"colormag_page_container_layout":"default_layout","colormag_page_sidebar_layout":"default_layout","footnotes":""},"categories":[17,8],"tags":[8388,7923],"class_list":["post-68241","post","type-post","status-publish","format-standard","has-post-thumbnail","hentry","category-destacadas","category-politica","tag-manuel-adorni","tag-plan-procrear"],"_links":{"self":[{"href":"https:\/\/sectorprensa.com.ar\/index.php?rest_route=\/wp\/v2\/posts\/68241","targetHints":{"allow":["GET"]}}],"collection":[{"href":"https:\/\/sectorprensa.com.ar\/index.php?rest_route=\/wp\/v2\/posts"}],"about":[{"href":"https:\/\/sectorprensa.com.ar\/index.php?rest_route=\/wp\/v2\/types\/post"}],"author":[{"embeddable":true,"href":"https:\/\/sectorprensa.com.ar\/index.php?rest_route=\/wp\/v2\/users\/5"}],"replies":[{"embeddable":true,"href":"https:\/\/sectorprensa.com.ar\/index.php?rest_route=%2Fwp%2Fv2%2Fcomments&post=68241"}],"version-history":[{"count":1,"href":"https:\/\/sectorprensa.com.ar\/index.php?rest_route=\/wp\/v2\/posts\/68241\/revisions"}],"predecessor-version":[{"id":68243,"href":"https:\/\/sectorprensa.com.ar\/index.php?rest_route=\/wp\/v2\/posts\/68241\/revisions\/68243"}],"wp:featuredmedia":[{"embeddable":true,"href":"https:\/\/sectorprensa.com.ar\/index.php?rest_route=\/wp\/v2\/media\/68242"}],"wp:attachment":[{"href":"https:\/\/sectorprensa.com.ar\/index.php?rest_route=%2Fwp%2Fv2%2Fmedia&parent=68241"}],"wp:term":[{"taxonomy":"category","embeddable":true,"href":"https:\/\/sectorprensa.com.ar\/index.php?rest_route=%2Fwp%2Fv2%2Fcategories&post=68241"},{"taxonomy":"post_tag","embeddable":true,"href":"https:\/\/sectorprensa.com.ar\/index.php?rest_route=%2Fwp%2Fv2%2Ftags&post=68241"}],"curies":[{"name":"wp","href":"https:\/\/api.w.org\/{rel}","templated":true}]}}