{"id":68278,"date":"2024-11-13T15:35:26","date_gmt":"2024-11-13T18:35:26","guid":{"rendered":"https:\/\/sectorprensa.com.ar\/?p=68278"},"modified":"2024-11-13T15:35:26","modified_gmt":"2024-11-13T18:35:26","slug":"la-escuela-no1-de-merlo-inauguro-su-radio-me-parecio-un-espacio-fenomenal","status":"publish","type":"post","link":"https:\/\/sectorprensa.com.ar\/?p=68278","title":{"rendered":"La Escuela N\u00ba1 de Merlo inaugur\u00f3 su radio: \u201cMe pareci\u00f3 un espacio fenomenal\u201d"},"content":{"rendered":"\n<h6 class=\"wp-block-heading\"><strong>El intendente Gustavo Men\u00e9ndez y Karina Men\u00e9ndez estuvieron presentes para apadrinar a la radioemisora estudiantil.<\/strong><\/h6>\n\n\n\n<p>Autoridades de Merlo, alumnos, docentes y directivos participaron de la inauguraci\u00f3n del nuevo estudio de radio \u201cProf. Mart\u00edn Dom\u00ednguez\u201d. El Intendente Gustavo Men\u00e9ndez y Karina Men\u00e9ndez estuvieron presentes para apadrinar a la radioemisora estudiantil.<\/p>\n\n\n\n<p>El estudio de radio de la Escuela N\u00b0 1 Bernardo Houssay se nombr\u00f3 \u201cProf. Mart\u00edn Dom\u00ednguez\u201d en memoria del preceptor y docente de la instituci\u00f3n, en tanto que la sala t\u00e9cnica lleva el nombre del periodista y literario Rodolfo Walsh.<\/p>\n\n\n\n<p>\u201cMe encant\u00f3 verlos con tanta ilusi\u00f3n, con tantas ganas y la esperanza que desde aqu\u00ed pueden transformar realidades\u201d, manifest\u00f3 el jefe comunal Gustavo Men\u00e9ndez, al tiempo que destac\u00f3 que \u201ceste no solamente es un espacio de noticias e informaci\u00f3n sino tambi\u00e9n de expresiones art\u00edsticas, literarias, musicales, y me pareci\u00f3 un espacio fenomenal\u201d.<\/p>\n\n\n\n<p>Por su parte, la directora de la instituci\u00f3n, Sandra Ponce expres\u00f3 que \u201ces un d\u00eda grato e inolvidable porque cumplimos este sue\u00f1o\u201d. Adem\u00e1s, Ponce destac\u00f3 el trabajo de las \u00e1reas del municipio y asegur\u00f3 que \u201cEst\u00e1n presentes desde Deportes y Cultura, desde siempre. El Municipio nos ha auxiliado con lo que la escuela ha necesitado\u201d.<\/p>\n\n\n\n<p>Del acto de inauguraci\u00f3n participaron la Secretaria de Cultura, Educaci\u00f3n, Deportes y Recreaci\u00f3n, Silvana Zahana; el Secretario de Desarrollo e Integraci\u00f3n Social, Lucas Scarcella; y el Jefe Distrital de Educaci\u00f3n, Hugo Ros\u00e1.<\/p>\n\n\n\n<figure class=\"wp-block-embed is-type-wp-embed is-provider-sector-prensa wp-block-embed-sector-prensa\"><div class=\"wp-block-embed__wrapper\">\n<blockquote class=\"wp-embedded-content\" data-secret=\"Cvo9zjlexl\"><a href=\"https:\/\/sectorprensa.com.ar\/?p=68238\">Merlo: se realizar\u00e1 un encuentro de la cer\u00e1mica<\/a><\/blockquote><iframe loading=\"lazy\" class=\"wp-embedded-content\" sandbox=\"allow-scripts\" security=\"restricted\" style=\"position: absolute; clip: rect(1px, 1px, 1px, 1px);\" title=\"\u00abMerlo: se realizar\u00e1 un encuentro de la cer\u00e1mica\u00bb \u2014 Sector Prensa\" src=\"https:\/\/sectorprensa.com.ar\/?p=68238&#038;embed=true#?secret=5GBKS4qAh2#?secret=Cvo9zjlexl\" data-secret=\"Cvo9zjlexl\" width=\"600\" height=\"338\" frameborder=\"0\" marginwidth=\"0\" marginheight=\"0\" scrolling=\"no\"><\/iframe>\n<\/div><\/figure>\n","protected":false},"excerpt":{"rendered":"<p>El intendente Gustavo Men\u00e9ndez y Karina Men\u00e9ndez estuvieron presentes para apadrinar a la radioemisora estudiantil. Autoridades de Merlo, alumnos, docentes<\/p>\n","protected":false},"author":6,"featured_media":68279,"comment_status":"closed","ping_status":"closed","sticky":false,"template":"","format":"standard","meta":{"colormag_page_container_layout":"default_layout","colormag_page_sidebar_layout":"default_layout","footnotes":""},"categories":[17,7,1173,10],"tags":[2665,245,2180],"class_list":["post-68278","post","type-post","status-publish","format-standard","has-post-thumbnail","hentry","category-destacadas","category-merlo","category-municipales","category-sociedad","tag-gustavo-menendez-2","tag-karina-menendez","tag-radio"],"_links":{"self":[{"href":"https:\/\/sectorprensa.com.ar\/index.php?rest_route=\/wp\/v2\/posts\/68278","targetHints":{"allow":["GET"]}}],"collection":[{"href":"https:\/\/sectorprensa.com.ar\/index.php?rest_route=\/wp\/v2\/posts"}],"about":[{"href":"https:\/\/sectorprensa.com.ar\/index.php?rest_route=\/wp\/v2\/types\/post"}],"author":[{"embeddable":true,"href":"https:\/\/sectorprensa.com.ar\/index.php?rest_route=\/wp\/v2\/users\/6"}],"replies":[{"embeddable":true,"href":"https:\/\/sectorprensa.com.ar\/index.php?rest_route=%2Fwp%2Fv2%2Fcomments&post=68278"}],"version-history":[{"count":1,"href":"https:\/\/sectorprensa.com.ar\/index.php?rest_route=\/wp\/v2\/posts\/68278\/revisions"}],"predecessor-version":[{"id":68280,"href":"https:\/\/sectorprensa.com.ar\/index.php?rest_route=\/wp\/v2\/posts\/68278\/revisions\/68280"}],"wp:featuredmedia":[{"embeddable":true,"href":"https:\/\/sectorprensa.com.ar\/index.php?rest_route=\/wp\/v2\/media\/68279"}],"wp:attachment":[{"href":"https:\/\/sectorprensa.com.ar\/index.php?rest_route=%2Fwp%2Fv2%2Fmedia&parent=68278"}],"wp:term":[{"taxonomy":"category","embeddable":true,"href":"https:\/\/sectorprensa.com.ar\/index.php?rest_route=%2Fwp%2Fv2%2Fcategories&post=68278"},{"taxonomy":"post_tag","embeddable":true,"href":"https:\/\/sectorprensa.com.ar\/index.php?rest_route=%2Fwp%2Fv2%2Ftags&post=68278"}],"curies":[{"name":"wp","href":"https:\/\/api.w.org\/{rel}","templated":true}]}}