{"id":68310,"date":"2024-11-15T11:18:57","date_gmt":"2024-11-15T14:18:57","guid":{"rendered":"https:\/\/sectorprensa.com.ar\/?p=68310"},"modified":"2024-11-15T12:20:06","modified_gmt":"2024-11-15T15:20:06","slug":"cristina-kirchner-a-milei-tanto-miedo-me-tenes","status":"publish","type":"post","link":"https:\/\/sectorprensa.com.ar\/?p=68310","title":{"rendered":"Cristina Kirchner a Milei: \u201c\u00bfTanto miedo me ten\u00e9s?\u201d"},"content":{"rendered":"\n<h6 class=\"wp-block-heading\"><strong>La Expresidenta public\u00f3 una carta en X. Llam\u00f3 \u201cdictadorzuelo\u201d a Milei y lo compar\u00f3 con Jorge Rafael Videla.<\/strong><\/h6>\n\n\n\n<p>Cristina Fern\u00e1ndez de Kirchner respondi\u00f3 con dureza a Javier Milei , luego de que el gobierno anunciara que le quitar\u00e1 la jubilaci\u00f3n por haber sido presidenta y la pensi\u00f3n como viuda de N\u00e9stor Kirchner: \u201cTanto miedo me ten\u00e9s (\u2026) me das l\u00e1stima\u201d, le dijo. Tambi\u00e9n se\u00f1alo que la medida es ilegal y que deja traslucir \u201cel peque\u00f1o dictadorzuelo que siempre llevaste adentro\u201d.<\/p>\n\n\n\n<p>En su larga respuesta titulara \u201c\u00a1Lo que te faltaba Milei!, Cristina Kirchner neg\u00f3 que Milei tenga atribuciones para quitarle el beneficio previsional. \u201cAhora resulta que quer\u00e9s crear y presidir un&nbsp;\u201cTribunal de Honor\u201d para juzgar el honor, el m\u00e9rito y el buen desempe\u00f1o en el cargo de los ex Presidentes y ex Presidenta de la Naci\u00f3n.&nbsp;Y para colmo\u2026 \u00bfUn Tribunal con atribuciones para fijar y aplicar penas accesorias a las del Poder Judicial?\u201d, escribi\u00f3 en su texto, difundido en X.<\/p>\n\n\n\n<p>En ese marco, CFL compar\u00f3 al presidente con un \u201cdicadorzuelo\u201d. \u201c\u00bfTe quer\u00e9s asociar con la mafia judicial para perseguirme vos tambi\u00e9n? \u00bfTanto miedo me ten\u00e9s? Te comento que al dictador Videla s\u00ed le tuve miedo y mucho. Pero vos s\u00f3lo me das l\u00e1stima y verg\u00fcenza ajena\u201d, escribi\u00f3 la Expresidenta. \u201d \u201cY contame\u2026 \u00bfQui\u00e9nes integran ese \u201cTribunal de Honor\u201d? \u00bfVos, tu hermana y Adorni?&nbsp;La verdad es que si hacen un concurso para ver qui\u00e9n es m\u00e1s burro, salen empatados\u201c, lanz\u00f3 Cristina.<\/p>\n\n\n\n<p>Y lanz\u00f3:&nbsp;\u201cEl mal desempe\u00f1o de un presidente s\u00f3lo lo puede juzgar el Congreso de la Naci\u00f3n a trav\u00e9s del proceso constitucional de Juicio Pol\u00edtico, durante el ejercicio del mandato.&nbsp;Por una raz\u00f3n muy sencilla Milei: s\u00f3lo el pueblo, a trav\u00e9s de sus representantes puede revocarle el honor y el m\u00e9rito de haber sido electos Presidentes de la Naci\u00f3n. \u00bfQu\u00e9 parte no entend\u00e9s Milei?&nbsp;Derecho Constitucional b\u00e1sico. Pensar que hay gente que te vot\u00f3 creyendo que sab\u00edas mucho\u201d.<\/p>\n\n\n\n<p>Tal y como hab\u00eda mencionado el l\u00edder del bloque de Uni\u00f3n por la Patria (UxP) en Diputados,&nbsp;Germ\u00e1n Mart\u00ednez,&nbsp;Cristina Kirchner&nbsp;pidi\u00f3 a Milei preguntarle a Mart\u00edn Menem, sobrino del difunto exmandatario riojano Carlos Menem y titular de la C\u00e1mara baja,&nbsp;respecto de&nbsp;la pensi\u00f3n por viudez que cobra la exprimera dama Zulema Yoma.<\/p>\n\n\n\n<blockquote class=\"twitter-tweet\"><p lang=\"es\" dir=\"ltr\">Lo \u00fanico que te faltaba Milei!!!<br><br>Ahora resulta que, adem\u00e1s de ser titular del Poder Ejecutivo, quer\u00e9s crear y presidir un \u201cTribunal de Honor\u201d para juzgar el honor, el m\u00e9rito y el buen desempe\u00f1o en el cargo de los ex Presidentes y ex Presidenta de la Naci\u00f3n. Y para colmo\u2026 \u00bfUn\u2026 <a href=\"https:\/\/t.co\/hMXHsIUUmx\">pic.twitter.com\/hMXHsIUUmx<\/a><\/p>&mdash; Cristina Kirchner (@CFKArgentina) <a href=\"https:\/\/twitter.com\/CFKArgentina\/status\/1857130230445420867?ref_src=twsrc%5Etfw\">November 14, 2024<\/a><\/blockquote> <script async src=\"https:\/\/platform.twitter.com\/widgets.js\" charset=\"utf-8\"><\/script>\n\n\n\n<p>\u201cY a las viudas de los ex mandatarios,&nbsp;la pensi\u00f3n se les otorga exactamente por eso: por ser viudas de se\u00f1ores ex Presidentes de la Naci\u00f3n. Si no,&nbsp;preguntale a la viuda de De la R\u00faa, que cobra la misma pensi\u00f3n y, como te imaginar\u00e1s, no lo hace por el buen desempe\u00f1o en el cargo de quien fuera su marido;&nbsp;que se tuvo que ir en helic\u00f3ptero de la Casa Rosada dos a\u00f1os antes de terminar su mandato, despu\u00e9s dejar un tendal de muertos -literal- en Plaza de Mayo\u201d, introdujo.<\/p>\n\n\n\n<p>\u201cY si a ella no la pod\u00e9s contactar;&nbsp;preguntale a Mart\u00edn Menem, tu Presidente de la C\u00e1mara de Diputados de la Naci\u00f3n, por qu\u00e9 cobra la misma pensi\u00f3n la t\u00eda Zulema, viuda de Carlos Menem, que se fue del mundo con causas penales sobre contrabando de armas, sobresueldos de funcionarios y otras yerbas, y hasta condenadas en segunda instancia\u201d, recalc\u00f3 la exvicepresidenta para cerrar su planteo vinculado a la reciente decisi\u00f3n del Ejecutivo.<\/p>\n\n\n\n<p>En los tramos finales de la publicaci\u00f3n, la l\u00edder del Partido Justicialista (PJ) hizo una breve menci\u00f3n a la sentencia que dict\u00f3 Casaci\u00f3n en su contra en la Causa Vialidad -La C\u00e1mara Federal ratific\u00f3 la condena a seis a\u00f1os de prisi\u00f3n e inhabilitaci\u00f3n perpetua para ejercer cargos p\u00fablicos por \u201cadministraci\u00f3n fraudulenta\u201d-.<\/p>\n\n\n\n<p>\u201cSe que a vos te gusta la Inteligencia Artificial (a m\u00ed tambi\u00e9n me gusta mucho) y ya que en unos d\u00edas te vas a EEUU y lo vas a ver a Elon Musk,&nbsp;\u00bfpor qu\u00e9 no le preguntas&nbsp;c\u00f3mo podemos hacer para crear un Poder Judicial con Inteligencia Artificial?&nbsp;\u00bfTe imagin\u00e1s la guita que se ahorrar\u00eda el Estado y todos los argentinos?\u201d,&nbsp;desliz\u00f3 Cristina.<\/p>\n\n\n\n<p>Para cerrar,&nbsp;comparti\u00f3 un resumen del fallo de Casaci\u00f3n hecho por IA:&nbsp;\u201cTe dejo lo que respondi\u00f3 el ChatGPT&nbsp;cuando le pedimos que realice un an\u00e1lisis del fallo de \u201cLos Copitos de Comodoro Py\u201d en la \u201cCausa Vialidad\u201d, despojado de la opini\u00f3n de la defensa y con visi\u00f3n objetiva de las inconsistencias que tiene ese fallo\u201d.<\/p>\n\n\n\n<figure class=\"wp-block-embed is-type-wp-embed is-provider-sector-prensa wp-block-embed-sector-prensa\"><div class=\"wp-block-embed__wrapper\">\n<blockquote class=\"wp-embedded-content\" data-secret=\"0V21IWwVUl\"><a href=\"https:\/\/sectorprensa.com.ar\/?p=68307\">Trump a Milei: \u201cTu discurso fue espectacular pero tu trabajo en Argentina es incluso mejor\u201d<\/a><\/blockquote><iframe loading=\"lazy\" class=\"wp-embedded-content\" sandbox=\"allow-scripts\" security=\"restricted\" style=\"position: absolute; clip: rect(1px, 1px, 1px, 1px);\" title=\"\u00abTrump a Milei: \u201cTu discurso fue espectacular pero tu trabajo en Argentina es incluso mejor\u201d\u00bb \u2014 Sector Prensa\" src=\"https:\/\/sectorprensa.com.ar\/?p=68307&#038;embed=true#?secret=HW5iFSDEyy#?secret=0V21IWwVUl\" data-secret=\"0V21IWwVUl\" width=\"600\" height=\"338\" frameborder=\"0\" marginwidth=\"0\" marginheight=\"0\" scrolling=\"no\"><\/iframe>\n<\/div><\/figure>\n","protected":false},"excerpt":{"rendered":"<p>La Expresidenta public\u00f3 una carta en X. Llam\u00f3 \u201cdictadorzuelo\u201d a Milei y lo compar\u00f3 con Jorge Rafael Videla. Cristina Fern\u00e1ndez<\/p>\n","protected":false},"author":6,"featured_media":68311,"comment_status":"closed","ping_status":"closed","sticky":false,"template":"","format":"standard","meta":{"colormag_page_container_layout":"default_layout","colormag_page_sidebar_layout":"default_layout","footnotes":""},"categories":[17,8],"tags":[6851,9204],"class_list":["post-68310","post","type-post","status-publish","format-standard","has-post-thumbnail","hentry","category-destacadas","category-politica","tag-cristina-fernandez-de-kirchner-2","tag-cristina-kirchner"],"_links":{"self":[{"href":"https:\/\/sectorprensa.com.ar\/index.php?rest_route=\/wp\/v2\/posts\/68310","targetHints":{"allow":["GET"]}}],"collection":[{"href":"https:\/\/sectorprensa.com.ar\/index.php?rest_route=\/wp\/v2\/posts"}],"about":[{"href":"https:\/\/sectorprensa.com.ar\/index.php?rest_route=\/wp\/v2\/types\/post"}],"author":[{"embeddable":true,"href":"https:\/\/sectorprensa.com.ar\/index.php?rest_route=\/wp\/v2\/users\/6"}],"replies":[{"embeddable":true,"href":"https:\/\/sectorprensa.com.ar\/index.php?rest_route=%2Fwp%2Fv2%2Fcomments&post=68310"}],"version-history":[{"count":2,"href":"https:\/\/sectorprensa.com.ar\/index.php?rest_route=\/wp\/v2\/posts\/68310\/revisions"}],"predecessor-version":[{"id":68320,"href":"https:\/\/sectorprensa.com.ar\/index.php?rest_route=\/wp\/v2\/posts\/68310\/revisions\/68320"}],"wp:featuredmedia":[{"embeddable":true,"href":"https:\/\/sectorprensa.com.ar\/index.php?rest_route=\/wp\/v2\/media\/68311"}],"wp:attachment":[{"href":"https:\/\/sectorprensa.com.ar\/index.php?rest_route=%2Fwp%2Fv2%2Fmedia&parent=68310"}],"wp:term":[{"taxonomy":"category","embeddable":true,"href":"https:\/\/sectorprensa.com.ar\/index.php?rest_route=%2Fwp%2Fv2%2Fcategories&post=68310"},{"taxonomy":"post_tag","embeddable":true,"href":"https:\/\/sectorprensa.com.ar\/index.php?rest_route=%2Fwp%2Fv2%2Ftags&post=68310"}],"curies":[{"name":"wp","href":"https:\/\/api.w.org\/{rel}","templated":true}]}}