{"id":68448,"date":"2024-11-20T22:29:04","date_gmt":"2024-11-21T01:29:04","guid":{"rendered":"https:\/\/sectorprensa.com.ar\/?p=68448"},"modified":"2024-11-20T22:29:04","modified_gmt":"2024-11-21T01:29:04","slug":"kicillof-califico-al-gobierno-de-milei-como-vendepatria","status":"publish","type":"post","link":"https:\/\/sectorprensa.com.ar\/?p=68448","title":{"rendered":"Kicillof calific\u00f3 al gobierno de Milei como \u00abvendepatria\u00bb"},"content":{"rendered":"\n<h6 class=\"wp-block-heading\"><strong>El Gobernador de la provincia de Buenos Aires particip\u00f3 de un acto en San Pedro, donde cuestion\u00f3 al Presidente Javier Milei. \u00abNos quieren entregar de pies y manos\u00bb, dijo.<\/strong><\/h6>\n\n\n\n<p>Axel Kicillof encabez\u00f3 un acto por el D\u00eda de la Soberan\u00eda en el monumento de \u00abBatalla Vuelta de Obligado\u00bb, en San Pedro. All\u00ed, el Gobernador de la provincia de Buenos Aires cuestion\u00f3 a Javier Milei y su equipo, calific\u00e1ndolos de \u00abvendepatria\u00bb. Adem\u00e1s, destac\u00f3 que \u00abla soberan\u00eda nacional es tremendamente importante\u00bb.<\/p>\n\n\n\n<p>\u00abLa soberan\u00eda nacional es tremendamente importante y sensible para nuestro pueblo. Digan lo que digan y hagan lo que hagan los vendepatrias que gobiernan\u00bb, sostuvo el mandatario provincial durante su discurso.<\/p>\n\n\n\n<p>Por otra parte, repudi\u00f3 la intenci\u00f3n de privatizar Aerol\u00edneas Argentinas y dijo: \u00abHay que tener la mirada muy estrecha o ser un mentiroso para afirmar que las ventajas de tener una aerol\u00ednea de bandera pasan solamente por el balance de la empresa\u00bb.<\/p>\n\n\n\n<figure class=\"wp-block-embed is-type-wp-embed is-provider-sector-prensa wp-block-embed-sector-prensa\"><div class=\"wp-block-embed__wrapper\">\n<blockquote class=\"wp-embedded-content\" data-secret=\"aNFCVXqBpP\"><a href=\"https:\/\/sectorprensa.com.ar\/?p=68398\">Fin de semana largo: menos turistas pero con un mayor gasto<\/a><\/blockquote><iframe loading=\"lazy\" class=\"wp-embedded-content\" sandbox=\"allow-scripts\" security=\"restricted\" style=\"position: absolute; clip: rect(1px, 1px, 1px, 1px);\" title=\"\u00abFin de semana largo: menos turistas pero con un mayor gasto\u00bb \u2014 Sector Prensa\" src=\"https:\/\/sectorprensa.com.ar\/?p=68398&#038;embed=true#?secret=qgLBAGTkj7#?secret=aNFCVXqBpP\" data-secret=\"aNFCVXqBpP\" width=\"600\" height=\"338\" frameborder=\"0\" marginwidth=\"0\" marginheight=\"0\" scrolling=\"no\"><\/iframe>\n<\/div><\/figure>\n","protected":false},"excerpt":{"rendered":"<p>El Gobernador de la provincia de Buenos Aires particip\u00f3 de un acto en San Pedro, donde cuestion\u00f3 al Presidente Javier<\/p>\n","protected":false},"author":5,"featured_media":68449,"comment_status":"closed","ping_status":"closed","sticky":false,"template":"","format":"standard","meta":{"colormag_page_container_layout":"default_layout","colormag_page_sidebar_layout":"default_layout","footnotes":""},"categories":[17,8,18],"tags":[3337,9229],"class_list":["post-68448","post","type-post","status-publish","format-standard","has-post-thumbnail","hentry","category-destacadas","category-politica","category-provincia","tag-axel-kicillof","tag-dia-de-la-soberania"],"_links":{"self":[{"href":"https:\/\/sectorprensa.com.ar\/index.php?rest_route=\/wp\/v2\/posts\/68448","targetHints":{"allow":["GET"]}}],"collection":[{"href":"https:\/\/sectorprensa.com.ar\/index.php?rest_route=\/wp\/v2\/posts"}],"about":[{"href":"https:\/\/sectorprensa.com.ar\/index.php?rest_route=\/wp\/v2\/types\/post"}],"author":[{"embeddable":true,"href":"https:\/\/sectorprensa.com.ar\/index.php?rest_route=\/wp\/v2\/users\/5"}],"replies":[{"embeddable":true,"href":"https:\/\/sectorprensa.com.ar\/index.php?rest_route=%2Fwp%2Fv2%2Fcomments&post=68448"}],"version-history":[{"count":1,"href":"https:\/\/sectorprensa.com.ar\/index.php?rest_route=\/wp\/v2\/posts\/68448\/revisions"}],"predecessor-version":[{"id":68452,"href":"https:\/\/sectorprensa.com.ar\/index.php?rest_route=\/wp\/v2\/posts\/68448\/revisions\/68452"}],"wp:featuredmedia":[{"embeddable":true,"href":"https:\/\/sectorprensa.com.ar\/index.php?rest_route=\/wp\/v2\/media\/68449"}],"wp:attachment":[{"href":"https:\/\/sectorprensa.com.ar\/index.php?rest_route=%2Fwp%2Fv2%2Fmedia&parent=68448"}],"wp:term":[{"taxonomy":"category","embeddable":true,"href":"https:\/\/sectorprensa.com.ar\/index.php?rest_route=%2Fwp%2Fv2%2Fcategories&post=68448"},{"taxonomy":"post_tag","embeddable":true,"href":"https:\/\/sectorprensa.com.ar\/index.php?rest_route=%2Fwp%2Fv2%2Ftags&post=68448"}],"curies":[{"name":"wp","href":"https:\/\/api.w.org\/{rel}","templated":true}]}}