{"id":68556,"date":"2024-11-26T09:18:17","date_gmt":"2024-11-26T12:18:17","guid":{"rendered":"https:\/\/sectorprensa.com.ar\/?p=68556"},"modified":"2024-11-26T09:18:18","modified_gmt":"2024-11-26T12:18:18","slug":"mariel-fernandez-reinauguro-la-casa-joven-y-el-galpon-de-francisco-alvarez","status":"publish","type":"post","link":"https:\/\/sectorprensa.com.ar\/?p=68556","title":{"rendered":"Mariel Fern\u00e1ndez reinaugur\u00f3 la Casa Joven y el Galp\u00f3n de Francisco \u00c1lvarez"},"content":{"rendered":"\n<h6 class=\"wp-block-heading\"><strong>Acompa\u00f1ada por j\u00f3venes de la localidad, celebraron la recuperaci\u00f3n de un espacio hist\u00f3rico para la recreaci\u00f3n y el encuentro de las y los vecinos de Moreno.<\/strong><\/h6>\n\n\n\n<p>La intendenta Mariel Fern\u00e1ndez, junto a j\u00f3venes de la localidad, celebr\u00f3 la reinauguraci\u00f3n de la Casa Joven y el Galp\u00f3n de Francisco \u00c1lvarez, un emblem\u00e1tico espacio que, tras a\u00f1os de abandono, se recuper\u00f3 para volver a ser un punto de encuentro cultural y recreativo para toda la comunidad.<\/p>\n\n\n\n<p>La reinauguraci\u00f3n de este espacio forma parte de la obra de recuperaci\u00f3n y puesta en valor del Predio Hist\u00f3rico de Francisco \u00c1lvarez, un sitio que hab\u00eda estado sumido en el olvido, acumulando basura durante a\u00f1os. Con la llegada de la gesti\u00f3n de Mariel Fern\u00e1ndez, la limpieza y restauraci\u00f3n del predio fueron prioridad, y hoy, tras un arduo trabajo, el lugar recobra su funci\u00f3n como un centro de esparcimiento y cultura para las vecinas y vecinos.<\/p>\n\n\n\n<p>\u201cEl galp\u00f3n de \u00c1lvarez era un lugar de encuentro, no solo para los vecinos de \u00c1lvarez, sino para los j\u00f3venes de Moreno. Nosotros ven\u00edamos a este lugar. Me da mucha satisfacci\u00f3n que podamos seguir reparando y sanando deudas del municipio con el pueblo de Moreno, y esta es una de ellas\u201d, expres\u00f3 la jefa comunal durante el acto de reinauguraci\u00f3n y agreg\u00f3: \u201cSiempre recuerdo que de este lugar sacamos 300 camiones de basura. Ver un lugar que estaba con basura, apagado, y ahora con tanta vida, entiendo que encante\u201d.<\/p>\n\n\n\n<p>Al play\u00f3n deportivo y la plaza que se construy\u00f3 en el predio, se sumaron nuevas oficinas para la Casa Joven, la restauraci\u00f3n del Galp\u00f3n y la refacci\u00f3n de la Delegaci\u00f3n Municipal.. La Casa Joven, que funciona en el Galp\u00f3n, se convirti\u00f3 en un espacio clave para las y los j\u00f3venes, donde se ofrecen actividades deportivas, talleres culturales y espacios de recreaci\u00f3n, adem\u00e1s de acompa\u00f1ar con pol\u00edticas municipales como la prevenci\u00f3n del consumo y el cuidado la salud mental.<\/p>\n\n\n\n<p>\u201cMe encanta ver la cantidad de j\u00f3venes que se acercan. No es solo un lugar con infraestructura bonita, sino tambi\u00e9n un lugar de cuidado y felicidad para los j\u00f3venes y para las familias. Me alegra que podamos seguir consolidando este espacio integrado, donde todos se encuentra y hay una convivencia hermosa\u201d, dijo la intendenta y agreg\u00f3 \u201cqueremos que Moreno sea ese espacio de encuentro e integraci\u00f3n, con una comunidad solidaria que se ayuda\u201d.<\/p>\n\n\n\n<p>El evento tambi\u00e9n cont\u00f3 con la presencia de autoridades municipales, como el subsecretario de Juventudes, Le\u00f3n Castro; la secretaria de Cultura, Educaci\u00f3n y Deportes, Cynthia Mu\u00f1oz; y la concejala Noem\u00ed Aguilera, quienes acompa\u00f1aron a la intendenta en esta reinauguraci\u00f3n que marca un hito en la recuperaci\u00f3n de espacios p\u00fablicos en el distrito.<\/p>\n\n\n\n<figure class=\"wp-block-embed is-type-wp-embed is-provider-sector-prensa wp-block-embed-sector-prensa\"><div class=\"wp-block-embed__wrapper\">\n<blockquote class=\"wp-embedded-content\" data-secret=\"5zfAjrRhRi\"><a href=\"https:\/\/sectorprensa.com.ar\/?p=68528\">Moreno: nueva Gerencia de Proyectos Especiales<\/a><\/blockquote><iframe loading=\"lazy\" class=\"wp-embedded-content\" sandbox=\"allow-scripts\" security=\"restricted\" style=\"position: absolute; clip: rect(1px, 1px, 1px, 1px);\" title=\"\u00abMoreno: nueva Gerencia de Proyectos Especiales\u00bb \u2014 Sector Prensa\" src=\"https:\/\/sectorprensa.com.ar\/?p=68528&#038;embed=true#?secret=CDJ8cqgJ1W#?secret=5zfAjrRhRi\" data-secret=\"5zfAjrRhRi\" width=\"600\" height=\"338\" frameborder=\"0\" marginwidth=\"0\" marginheight=\"0\" scrolling=\"no\"><\/iframe>\n<\/div><\/figure>\n","protected":false},"excerpt":{"rendered":"<p>Acompa\u00f1ada por j\u00f3venes de la localidad, celebraron la recuperaci\u00f3n de un espacio hist\u00f3rico para la recreaci\u00f3n y el encuentro de<\/p>\n","protected":false},"author":6,"featured_media":68557,"comment_status":"closed","ping_status":"closed","sticky":false,"template":"","format":"standard","meta":{"colormag_page_container_layout":"default_layout","colormag_page_sidebar_layout":"default_layout","footnotes":""},"categories":[17,2154,1173,10],"tags":[2498,2898],"class_list":["post-68556","post","type-post","status-publish","format-standard","has-post-thumbnail","hentry","category-destacadas","category-moreno","category-municipales","category-sociedad","tag-francisco-alvarez","tag-mariel-fernandez"],"_links":{"self":[{"href":"https:\/\/sectorprensa.com.ar\/index.php?rest_route=\/wp\/v2\/posts\/68556","targetHints":{"allow":["GET"]}}],"collection":[{"href":"https:\/\/sectorprensa.com.ar\/index.php?rest_route=\/wp\/v2\/posts"}],"about":[{"href":"https:\/\/sectorprensa.com.ar\/index.php?rest_route=\/wp\/v2\/types\/post"}],"author":[{"embeddable":true,"href":"https:\/\/sectorprensa.com.ar\/index.php?rest_route=\/wp\/v2\/users\/6"}],"replies":[{"embeddable":true,"href":"https:\/\/sectorprensa.com.ar\/index.php?rest_route=%2Fwp%2Fv2%2Fcomments&post=68556"}],"version-history":[{"count":1,"href":"https:\/\/sectorprensa.com.ar\/index.php?rest_route=\/wp\/v2\/posts\/68556\/revisions"}],"predecessor-version":[{"id":68558,"href":"https:\/\/sectorprensa.com.ar\/index.php?rest_route=\/wp\/v2\/posts\/68556\/revisions\/68558"}],"wp:featuredmedia":[{"embeddable":true,"href":"https:\/\/sectorprensa.com.ar\/index.php?rest_route=\/wp\/v2\/media\/68557"}],"wp:attachment":[{"href":"https:\/\/sectorprensa.com.ar\/index.php?rest_route=%2Fwp%2Fv2%2Fmedia&parent=68556"}],"wp:term":[{"taxonomy":"category","embeddable":true,"href":"https:\/\/sectorprensa.com.ar\/index.php?rest_route=%2Fwp%2Fv2%2Fcategories&post=68556"},{"taxonomy":"post_tag","embeddable":true,"href":"https:\/\/sectorprensa.com.ar\/index.php?rest_route=%2Fwp%2Fv2%2Ftags&post=68556"}],"curies":[{"name":"wp","href":"https:\/\/api.w.org\/{rel}","templated":true}]}}