{"id":68681,"date":"2024-12-02T10:23:21","date_gmt":"2024-12-02T13:23:21","guid":{"rendered":"https:\/\/sectorprensa.com.ar\/?p=68681"},"modified":"2024-12-04T14:58:56","modified_gmt":"2024-12-04T17:58:56","slug":"batakis-en-moron-buscamos-responder-al-abandono-y-al-ajuste-del-gobierno-nacional","status":"publish","type":"post","link":"https:\/\/sectorprensa.com.ar\/?p=68681","title":{"rendered":"Batakis en Mor\u00f3n: \u201cBuscamos responder al abandono y al ajuste del gobierno Nacional\u201d"},"content":{"rendered":"\n<h6 class=\"wp-block-heading\"><strong>La ministra de H\u00e1bitat y Desarrollo Urbano bonaerense se refiri\u00f3 a la situaci\u00f3n habitacional en la recorrida de las\u00a0529 casas paralizadas.<\/strong><\/h6>\n\n\n\n<p>La ministra de H\u00e1bitat y Desarrollo Urbano, Silvina Batakis, visit\u00f3 el municipio de Mor\u00f3n donde se reuni\u00f3 con el intendente, Lucas Ghi, y juntos recorrieron la obra de 529 viviendas que el gobierno Nacional paraliz\u00f3 en la localidad de El Palomar.<\/p>\n\n\n\n<p>\u201cEl acceso a la vivienda no es un negocio, es una problem\u00e1tica que el mercado no resuelve y donde el Estado tiene que responder. Se trata de un derecho b\u00e1sico en el que nuestra gesti\u00f3n est\u00e1 trabajando para cumplirlo a m\u00e1s vecinos y vecinas de la Provincia. Buscamos dar respuesta al abandono y el ajuste que vive el pueblo bonaerense por las pol\u00edticas del gobierno Nacional\u201d, dijo Batakis.<\/p>\n\n\n\n<p>En ese sentido, la ministra destac\u00f3 que \u201cvemos con espanto la desidia de Naci\u00f3n que dej\u00f3 16.000 mil casas paradas, que est\u00e1n deterior\u00e1ndose d\u00eda a d\u00eda. Sabemos que es muy dif\u00edcil reemplazar al gobierno Nacional, pero vamos a ayudar y ser intermediarios con los municipios, poniendo todos los recursos a disposici\u00f3n para terminar las viviendas del pueblo bonaerense\u201d.<\/p>\n\n\n\n<p>Las 529 viviendas paralizadas en El Palomar forman parte del Plan Procrear, recientemente eliminado por el gobierno Nacional. Esta iniciativa, como las otras miles que han quedado abandonadas en todo el pa\u00eds, promet\u00eda no s\u00f3lo nuevos hogares, infraestructura y desarrollo urbano, sino tambi\u00e9n la generaci\u00f3n de empleo y el fortalecimiento del tejido social en la comunidad.<\/p>\n\n\n\n<p>Por su parte, el ministerio de H\u00e1bitat y Desarrollo Urbano tiene en este distrito 56 viviendas en ejecuci\u00f3n en un edificio con subsuelo para cocheras, 13 locales comerciales en planta baja y 7 pisos de 8 departamentos de 1 o 2 dormitorios.<\/p>\n","protected":false},"excerpt":{"rendered":"<p>La ministra de H\u00e1bitat y Desarrollo Urbano bonaerense se refiri\u00f3 a la situaci\u00f3n habitacional en la recorrida de las\u00a0529 casas<\/p>\n","protected":false},"author":6,"featured_media":68682,"comment_status":"closed","ping_status":"closed","sticky":false,"template":"","format":"standard","meta":{"colormag_page_container_layout":"default_layout","colormag_page_sidebar_layout":"default_layout","footnotes":""},"categories":[6828,5,8,10],"tags":[19,6657],"class_list":["post-68681","post","type-post","status-publish","format-standard","has-post-thumbnail","hentry","category-mas-destacadas","category-moron","category-politica","category-sociedad","tag-moron","tag-silvina-batakis"],"_links":{"self":[{"href":"https:\/\/sectorprensa.com.ar\/index.php?rest_route=\/wp\/v2\/posts\/68681","targetHints":{"allow":["GET"]}}],"collection":[{"href":"https:\/\/sectorprensa.com.ar\/index.php?rest_route=\/wp\/v2\/posts"}],"about":[{"href":"https:\/\/sectorprensa.com.ar\/index.php?rest_route=\/wp\/v2\/types\/post"}],"author":[{"embeddable":true,"href":"https:\/\/sectorprensa.com.ar\/index.php?rest_route=\/wp\/v2\/users\/6"}],"replies":[{"embeddable":true,"href":"https:\/\/sectorprensa.com.ar\/index.php?rest_route=%2Fwp%2Fv2%2Fcomments&post=68681"}],"version-history":[{"count":1,"href":"https:\/\/sectorprensa.com.ar\/index.php?rest_route=\/wp\/v2\/posts\/68681\/revisions"}],"predecessor-version":[{"id":68683,"href":"https:\/\/sectorprensa.com.ar\/index.php?rest_route=\/wp\/v2\/posts\/68681\/revisions\/68683"}],"wp:featuredmedia":[{"embeddable":true,"href":"https:\/\/sectorprensa.com.ar\/index.php?rest_route=\/wp\/v2\/media\/68682"}],"wp:attachment":[{"href":"https:\/\/sectorprensa.com.ar\/index.php?rest_route=%2Fwp%2Fv2%2Fmedia&parent=68681"}],"wp:term":[{"taxonomy":"category","embeddable":true,"href":"https:\/\/sectorprensa.com.ar\/index.php?rest_route=%2Fwp%2Fv2%2Fcategories&post=68681"},{"taxonomy":"post_tag","embeddable":true,"href":"https:\/\/sectorprensa.com.ar\/index.php?rest_route=%2Fwp%2Fv2%2Ftags&post=68681"}],"curies":[{"name":"wp","href":"https:\/\/api.w.org\/{rel}","templated":true}]}}