{"id":68723,"date":"2024-12-02T13:04:44","date_gmt":"2024-12-02T16:04:44","guid":{"rendered":"https:\/\/sectorprensa.com.ar\/?p=68723"},"modified":"2024-12-04T14:58:50","modified_gmt":"2024-12-04T17:58:50","slug":"midland-confirmo-a-iturreria-como-su-nuevo-entrenador","status":"publish","type":"post","link":"https:\/\/sectorprensa.com.ar\/?p=68723","title":{"rendered":"Midland confirm\u00f3 a Iturrer\u00eda como su nuevo entrenador"},"content":{"rendered":"\n<h6 class=\"wp-block-heading\"><strong>El club de Libertad anunci\u00f3 la llegada del nuevo director t\u00e9cnico por medio de las redes sociales. Viene de dirigir en el Federal A, adem\u00e1s cuenta con pasado en un equipo de zona oeste.<\/strong><\/h6>\n\n\n\n<p>Midland cerr\u00f3 el 2024 disputando el reducido de la Primera B Metropolitana, en la primera temporada desde su vuelta a la categor\u00eda, pero en cuartos de final se despidi\u00f3 despu\u00e9s de caer ante Excursionistas. Luego de unos d\u00edas de aquel encuentro, Jes\u00fas D\u00edaz anunci\u00f3 que dejaba de ser el entrenador del equipo. Este domingo, el club confirm\u00f3 en sus redes sociales a su reemplazo.<\/p>\n\n\n\n<p>Se trata de Joaqu\u00edn Iturrer\u00eda, de 36 a\u00f1os. El nuevo director t\u00e9cnico del Funebrero viene de dirigir a Defensores de Belgrano de Villa Ramallo, equipo que milita en el Federal A, donde dirigi\u00f3 28 partidos (9 triunfos, 13 empates y 6 derrotas). Adem\u00e1s, cuenta con pasado en Deportivo Mor\u00f3n y Los Andes.<\/p>\n\n\n\n<p>Iturrer\u00eda estar\u00e1 al frente del elenco de Libertad para 2025 y deber\u00e1 afrontar no solamente la Primera B Metropolitana, sino tambi\u00e9n la Copa Argentina. \u00bfC\u00f3mo le ir\u00e1?<\/p>\n","protected":false},"excerpt":{"rendered":"<p>El club de Libertad anunci\u00f3 la llegada del nuevo director t\u00e9cnico por medio de las redes sociales. Viene de dirigir<\/p>\n","protected":false},"author":5,"featured_media":68724,"comment_status":"closed","ping_status":"closed","sticky":false,"template":"","format":"standard","meta":{"colormag_page_container_layout":"default_layout","colormag_page_sidebar_layout":"default_layout","footnotes":""},"categories":[11],"tags":[9256,89],"class_list":["post-68723","post","type-post","status-publish","format-standard","has-post-thumbnail","hentry","category-deportes","tag-joaquin-iturreria","tag-midland"],"_links":{"self":[{"href":"https:\/\/sectorprensa.com.ar\/index.php?rest_route=\/wp\/v2\/posts\/68723","targetHints":{"allow":["GET"]}}],"collection":[{"href":"https:\/\/sectorprensa.com.ar\/index.php?rest_route=\/wp\/v2\/posts"}],"about":[{"href":"https:\/\/sectorprensa.com.ar\/index.php?rest_route=\/wp\/v2\/types\/post"}],"author":[{"embeddable":true,"href":"https:\/\/sectorprensa.com.ar\/index.php?rest_route=\/wp\/v2\/users\/5"}],"replies":[{"embeddable":true,"href":"https:\/\/sectorprensa.com.ar\/index.php?rest_route=%2Fwp%2Fv2%2Fcomments&post=68723"}],"version-history":[{"count":1,"href":"https:\/\/sectorprensa.com.ar\/index.php?rest_route=\/wp\/v2\/posts\/68723\/revisions"}],"predecessor-version":[{"id":68725,"href":"https:\/\/sectorprensa.com.ar\/index.php?rest_route=\/wp\/v2\/posts\/68723\/revisions\/68725"}],"wp:featuredmedia":[{"embeddable":true,"href":"https:\/\/sectorprensa.com.ar\/index.php?rest_route=\/wp\/v2\/media\/68724"}],"wp:attachment":[{"href":"https:\/\/sectorprensa.com.ar\/index.php?rest_route=%2Fwp%2Fv2%2Fmedia&parent=68723"}],"wp:term":[{"taxonomy":"category","embeddable":true,"href":"https:\/\/sectorprensa.com.ar\/index.php?rest_route=%2Fwp%2Fv2%2Fcategories&post=68723"},{"taxonomy":"post_tag","embeddable":true,"href":"https:\/\/sectorprensa.com.ar\/index.php?rest_route=%2Fwp%2Fv2%2Ftags&post=68723"}],"curies":[{"name":"wp","href":"https:\/\/api.w.org\/{rel}","templated":true}]}}