{"id":68793,"date":"2024-12-06T12:24:06","date_gmt":"2024-12-06T15:24:06","guid":{"rendered":"https:\/\/sectorprensa.com.ar\/?p=68793"},"modified":"2024-12-07T14:27:05","modified_gmt":"2024-12-07T17:27:05","slug":"el-pj-bonaerense-convoco-a-cristina-kicillof-y-massa","status":"publish","type":"post","link":"https:\/\/sectorprensa.com.ar\/?p=68793","title":{"rendered":"El PJ bonaerense convoc\u00f3 a Cristina, Kicillof y Massa"},"content":{"rendered":"\n<h6 class=\"wp-block-heading\"><strong>El partido pol\u00edtico los invit\u00f3 para un encuentro que tendr\u00e1 lugar en el Municipio de Moreno. Solamente la Presidenta del PJ Nacional confirm\u00f3 su presencia.<\/strong><\/h6>\n\n\n\n<p>Este lunes el PJ bonaerense, presidido por M\u00e1ximo Kirchner, llevar\u00e1 adelante un encuentro en Moreno. En ese contexto, convoc\u00f3 a participar del mismo a Cristina Fern\u00e1ndez de Kirchner, Presidenta a nivel nacional, Axel Kicillof, Gobernador de la provincia de Buenos Aires, y Sergio Massa, referente del Frente Renovador.<\/p>\n\n\n\n<p>Se trata de una reuni\u00f3n del Consejo Provincial del Partido Justicialista que tendr\u00e1 lugar en la reserva Los Robles, el 9 de diciembre en horas del mediod\u00eda.<\/p>\n\n\n\n<p>En tanto, est\u00e1 previsto que en la reuni\u00f3n se presente un \u00abinforme de bloque legislativo\u00bb provincial y un \u00aban\u00e1lisis de la situaci\u00f3n pol\u00edtica\u00bb.<\/p>\n\n\n\n<p>Cabe destacar que la Intendenta de Moreno, Mariel Fern\u00e1ndez, est\u00e1 en sinton\u00eda con el espacio que lidera Fern\u00e1ndez de Kirchner, adem\u00e1s de que es una de las Vicepresidentas que tiene el Partido Justicialista Nacional.<\/p>\n\n\n\n<figure class=\"wp-block-embed is-type-wp-embed is-provider-sector-prensa wp-block-embed-sector-prensa\"><div class=\"wp-block-embed__wrapper\">\n<blockquote class=\"wp-embedded-content\" data-secret=\"GI0dmRzaD5\"><a href=\"https:\/\/sectorprensa.com.ar\/?p=68773\">Cristina se deslig\u00f3 de Kueider: \u00abSi hubiera sido m\u00edo no votaba la Ley de Bases\u00bb<\/a><\/blockquote><iframe loading=\"lazy\" class=\"wp-embedded-content\" sandbox=\"allow-scripts\" security=\"restricted\" style=\"position: absolute; clip: rect(1px, 1px, 1px, 1px);\" title=\"\u00abCristina se deslig\u00f3 de Kueider: \u00abSi hubiera sido m\u00edo no votaba la Ley de Bases\u00bb\u00bb \u2014 Sector Prensa\" src=\"https:\/\/sectorprensa.com.ar\/?p=68773&#038;embed=true#?secret=eYVQjBbf0n#?secret=GI0dmRzaD5\" data-secret=\"GI0dmRzaD5\" width=\"600\" height=\"338\" frameborder=\"0\" marginwidth=\"0\" marginheight=\"0\" scrolling=\"no\"><\/iframe>\n<\/div><\/figure>\n","protected":false},"excerpt":{"rendered":"<p>El partido pol\u00edtico los invit\u00f3 para un encuentro que tendr\u00e1 lugar en el Municipio de Moreno. Solamente la Presidenta del<\/p>\n","protected":false},"author":5,"featured_media":68794,"comment_status":"closed","ping_status":"closed","sticky":false,"template":"","format":"standard","meta":{"colormag_page_container_layout":"default_layout","colormag_page_sidebar_layout":"default_layout","footnotes":""},"categories":[17,8],"tags":[3337,6851,4509,248],"class_list":["post-68793","post","type-post","status-publish","format-standard","has-post-thumbnail","hentry","category-destacadas","category-politica","tag-axel-kicillof","tag-cristina-fernandez-de-kirchner-2","tag-pj-bonaerense","tag-sergio-massa"],"_links":{"self":[{"href":"https:\/\/sectorprensa.com.ar\/index.php?rest_route=\/wp\/v2\/posts\/68793","targetHints":{"allow":["GET"]}}],"collection":[{"href":"https:\/\/sectorprensa.com.ar\/index.php?rest_route=\/wp\/v2\/posts"}],"about":[{"href":"https:\/\/sectorprensa.com.ar\/index.php?rest_route=\/wp\/v2\/types\/post"}],"author":[{"embeddable":true,"href":"https:\/\/sectorprensa.com.ar\/index.php?rest_route=\/wp\/v2\/users\/5"}],"replies":[{"embeddable":true,"href":"https:\/\/sectorprensa.com.ar\/index.php?rest_route=%2Fwp%2Fv2%2Fcomments&post=68793"}],"version-history":[{"count":2,"href":"https:\/\/sectorprensa.com.ar\/index.php?rest_route=\/wp\/v2\/posts\/68793\/revisions"}],"predecessor-version":[{"id":68833,"href":"https:\/\/sectorprensa.com.ar\/index.php?rest_route=\/wp\/v2\/posts\/68793\/revisions\/68833"}],"wp:featuredmedia":[{"embeddable":true,"href":"https:\/\/sectorprensa.com.ar\/index.php?rest_route=\/wp\/v2\/media\/68794"}],"wp:attachment":[{"href":"https:\/\/sectorprensa.com.ar\/index.php?rest_route=%2Fwp%2Fv2%2Fmedia&parent=68793"}],"wp:term":[{"taxonomy":"category","embeddable":true,"href":"https:\/\/sectorprensa.com.ar\/index.php?rest_route=%2Fwp%2Fv2%2Fcategories&post=68793"},{"taxonomy":"post_tag","embeddable":true,"href":"https:\/\/sectorprensa.com.ar\/index.php?rest_route=%2Fwp%2Fv2%2Ftags&post=68793"}],"curies":[{"name":"wp","href":"https:\/\/api.w.org\/{rel}","templated":true}]}}