{"id":68797,"date":"2024-12-06T17:56:40","date_gmt":"2024-12-06T20:56:40","guid":{"rendered":"https:\/\/sectorprensa.com.ar\/?p=68797"},"modified":"2024-12-06T17:56:40","modified_gmt":"2024-12-06T20:56:40","slug":"moreno-numerosas-propuestas-culturales-para-el-fin-de-semana","status":"publish","type":"post","link":"https:\/\/sectorprensa.com.ar\/?p=68797","title":{"rendered":"Moreno: numerosas propuestas culturales para el fin de semana"},"content":{"rendered":"\n<p><strong>El municipio invita a los vecinos del distrito a diferentes opciones para disfrutar en familia del 6 al 8 de diciembre. Todas, de entrada libre y gratuita.<\/strong><\/p>\n\n\n\n<p>El viernes 6 de diciembre, se podr\u00e1 visitar y recorrer, de 9 a 15 horas, el \u201cMuseo Molina Campos\u201d, ubicado en Molina Campos 364. All\u00ed se exhiben m\u00e1s de 100 obras y mil objetos recuperados del artista. El mismo abre sus puertas los d\u00edas s\u00e1bados y domingos, de 15 a 20 horas y se realizar\u00e1 una visita guiada desde las 17 horas.<\/p>\n\n\n\n<p>Tambi\u00e9n, el viernes contin\u00faa en exposici\u00f3n, de 9 a 16 horas, la muestra \u201cLos Placeres de la Imaginaci\u00f3n\u201d, de Kristian Su\u00e1rez P\u00e1ez, en el Museo de Bellas Artes \u201cManuel Belgrano\u201d, ubicado en Doctor Vera 249, con la que su autor celebra 10 a\u00f1os de carrera.<\/p>\n\n\n\n<p>Adem\u00e1s, durante el fin de semana se desarrollar\u00e1n ferias artesanales en distintos puntos del distrito. El s\u00e1bado 7 de diciembre, de 9 a 18 horas, estar\u00e1 la feria artesanal en la plaza San Mart\u00edn; la feria \u201cLos Robles\u201d, de 12 a 18 horas, en Benito Ju\u00e1rez y Williams. Mientras que el domingo, se podr\u00e1n visitar la \u201cFeria Buj\u00e1n\u201d de 16 a 20 horas, en Mitre y Justo Daract, la feria \u201cLos Robles\u201d, de 12 a 18 horas, en Benito Ju\u00e1rez y Williams; y la feria \u201cPara mis hermanas\u201d, de 17 a 21 horas, en la Ruta 7 y Mamerto Esqui\u00fa.<\/p>\n\n\n\n<p>El s\u00e1bado 7 de diciembre, a las 17:30 horas, se llevar\u00e1 a cabo la inauguraci\u00f3n del Distrito Ecol\u00f3gico Roggero (DER), en la Plaza Favaloro, ubicada en Benito Ju\u00e1rez y Juan B. Bustos. Habr\u00e1 shows en vivo, actividades recreativas, culturales y patio gastron\u00f3mico, y la celebraci\u00f3n culminar\u00e1 con la imperdible vista del atardecer desde el Dique Roggero. La propuesta&nbsp; continuar\u00e1 el domingo 8, de 16 a 20 horas, y todos los fines de semana de diciembre.<\/p>\n\n\n\n<p>Adem\u00e1s, el s\u00e1bado 7, a las 20 horas, se realizar\u00e1 la tradicional \u201cMisa Criolla\u201d, en la Plaza Mariano Moreno, Joly y Asconap\u00e9. Un evento cultural y musical que contar\u00e1 con la interpretaci\u00f3n de Bruno Arias y Facundo Ram\u00edrez. Los artistas brindar\u00e1n una versi\u00f3n \u00fanica de esta obra ic\u00f3nica acompa\u00f1ados por m\u00e1s de 40 m\u00fasicos en escena.<\/p>\n\n\n\n<figure class=\"wp-block-image size-large\"><img loading=\"lazy\" decoding=\"async\" width=\"1024\" height=\"576\" src=\"https:\/\/sectorprensa.com.ar\/wp-content\/uploads\/2024\/12\/TEATRO-MARECHAL-1024x576.jpg\" alt=\"\" class=\"wp-image-68800\" srcset=\"https:\/\/sectorprensa.com.ar\/wp-content\/uploads\/2024\/12\/TEATRO-MARECHAL-1024x576.jpg 1024w, https:\/\/sectorprensa.com.ar\/wp-content\/uploads\/2024\/12\/TEATRO-MARECHAL-300x169.jpg 300w, https:\/\/sectorprensa.com.ar\/wp-content\/uploads\/2024\/12\/TEATRO-MARECHAL-768x432.jpg 768w, https:\/\/sectorprensa.com.ar\/wp-content\/uploads\/2024\/12\/TEATRO-MARECHAL.jpg 1056w\" sizes=\"auto, (max-width: 1024px) 100vw, 1024px\" \/><\/figure>\n\n\n\n<p>A su vez, el s\u00e1bado a las 21 horas, se presentar\u00e1 en el Teatro Municipal \u201cLeopoldo Marechal\u201d, ubicado en Asconap\u00e9 85, el espect\u00e1culo de m\u00fasica y baile \u00abDanza en el Marechal\u00bb, dirigida por la reconocida artista Laura Franchini. Una velada de expresi\u00f3n art\u00edstica que celebra la diversidad y la belleza del movimiento.<\/p>\n\n\n\n<p>Las entradas de cada una de las obras del Teatro \u00abLeopoldo Marechal\u00bb son libres y gratuitas, y se retiran siempre una hora antes de la funci\u00f3n en la puerta del mismo.<\/p>\n\n\n\n<p>En tanto, el s\u00e1bado y domingo, de 15 a 18 horas, se podr\u00e1 recorrer y visitar el \u201cMuseo Islas Malvinas e Islas del Atl\u00e1ntico Sur\u201d, ubicado en Justo Daract y Arribe\u00f1os, en Paso del Rey. Un espacio que honra la memoria de los h\u00e9roes y veteranos de la patria.<\/p>\n\n\n\n<p>Como todos los s\u00e1bados, domingos y feriados de 9 a 18 horas, se puede visitar y disfrutar en familia del Predio Municipal Ferial, ubicado en Ruta 23 y O\u00b4Brien. Donde se ofrece indumentaria, artesan\u00edas, art\u00edculos de bazar, antig\u00fcedades y juguetes. El espacio cuenta, adem\u00e1s, con patio de comidas y estacionamiento libre y gratuito.<\/p>\n\n\n\n<figure class=\"wp-block-image size-large\"><img loading=\"lazy\" decoding=\"async\" width=\"1024\" height=\"683\" src=\"https:\/\/sectorprensa.com.ar\/wp-content\/uploads\/2024\/12\/Moreno-Inauguracion-de-Museo-Malvinas-1024x683.jpg\" alt=\"\" class=\"wp-image-68798\" srcset=\"https:\/\/sectorprensa.com.ar\/wp-content\/uploads\/2024\/12\/Moreno-Inauguracion-de-Museo-Malvinas-1024x683.jpg 1024w, https:\/\/sectorprensa.com.ar\/wp-content\/uploads\/2024\/12\/Moreno-Inauguracion-de-Museo-Malvinas-300x200.jpg 300w, https:\/\/sectorprensa.com.ar\/wp-content\/uploads\/2024\/12\/Moreno-Inauguracion-de-Museo-Malvinas-768x512.jpg 768w, https:\/\/sectorprensa.com.ar\/wp-content\/uploads\/2024\/12\/Moreno-Inauguracion-de-Museo-Malvinas.jpg 1047w\" sizes=\"auto, (max-width: 1024px) 100vw, 1024px\" \/><\/figure>\n\n\n\n<p>El domingo 8 de diciembre, a partir de las 9 horas, se llevar\u00e1 a cabo la 3\u00b0 edici\u00f3n del Festival Tradicionalista Cascallares, en la Av. Argentinidad 1500, Moreno Sur. Habr\u00e1 desfile de caballos, exposici\u00f3n de artesan\u00edas gauchescas, una variada oferta gastron\u00f3mica y numerosos artistas en vivo que animar\u00e1n el evento con espect\u00e1culos tradicionales.<\/p>\n\n\n\n<p>El evento ser\u00e1 conducido por Abel Falc\u00f3n y Juan Carlos Chavanne y participar\u00e1n los artistas: Candela Mazza, Santiago Torres, Melina Moyano, D\u00fao Provinciano, Los Gauchitos Bonaerenses, Ballet Municipal de Moreno, Tobias Diaz (payador), \u00c1ngel Barrera (payador), Ballet San Mart\u00edn Porres, Ballet Los Estribos y Finado Peluche.<\/p>\n\n\n\n<p>Por \u00faltimo, el domingo, desde las 11 horas, se inaugurar\u00e1 el Pasaje Ricardo Iorio, con la colocaci\u00f3n del cartel en la intersecci\u00f3n de las calles Ricardo Iorio y Pereyra y que marcar\u00e1 el cambio de nombre de la arteria antes conocida como \u00abCul de Sac\u00bb. La celebraci\u00f3n continuar\u00e1, a partir de las 13 horas, en el Club Social, Cultural y Deportivo La Reja, situado en Rub\u00e9n Dar\u00edo 240, donde se llevar\u00e1 a cabo un festival con bandas locales que rendir\u00e1n tributo al legado musical y cultural de Iorio.<\/p>\n\n\n\n<p><strong>Reserva Natural Municipal \u201cLos Robles\u00bb<\/strong><\/p>\n\n\n\n<p>La Reserva Natural Municipal \u201cLos Robles\u201d es una excelente alternativa para compartir en familia y disfrutar de las bondades de este espacio natural que hacen de \u00e9l un punto tur\u00edstico importante en la provincia de Buenos Aires. All\u00ed se puede dormir, acampar, disfrutar del sector gastron\u00f3mico, realizar caminatas guiadas, divertirse en los espacios de juegos libres y de lectura para las infancias, entre muchas otras actividades m\u00e1s.<\/p>\n\n\n\n<p>El s\u00e1bado 7, desde las 10 y hasta las 18 horas estar\u00e1 disponible el patio gastron\u00f3mico. Tambi\u00e9n a las 11:30 y a las 14:30 horas se realizar\u00e1 la recorrida guiada por el Centro de Visitantes. Mientras que a las 16 horas, se podr\u00e1 participar de la \u201cCaminata guiada por los senderos del bosque\u201d y a las 16:30 horas, se desarrollar\u00e1 en la biblioteca, la actividad \u201cEl universo habita mi jard\u00edn\u201d, del Club de Amigas y Amigos de la Naturaleza.<\/p>\n\n\n\n<p>El domingo 8, desde las 10 y hasta las 18 horas estar\u00e1 disponible el patio gastron\u00f3mico y desde las 12 horas la feria artesanal. A las 11:30 y a las 14:30 horas se realizar\u00e1 una recorrida guiada por el Centro de Visitantes.<\/p>\n\n\n\n<figure class=\"wp-block-image size-large\"><img loading=\"lazy\" decoding=\"async\" width=\"1024\" height=\"683\" src=\"https:\/\/sectorprensa.com.ar\/wp-content\/uploads\/2024\/12\/LOS-ROBLES040-1024x683.jpg\" alt=\"\" class=\"wp-image-68799\" srcset=\"https:\/\/sectorprensa.com.ar\/wp-content\/uploads\/2024\/12\/LOS-ROBLES040-1024x683.jpg 1024w, https:\/\/sectorprensa.com.ar\/wp-content\/uploads\/2024\/12\/LOS-ROBLES040-300x200.jpg 300w, https:\/\/sectorprensa.com.ar\/wp-content\/uploads\/2024\/12\/LOS-ROBLES040-768x512.jpg 768w, https:\/\/sectorprensa.com.ar\/wp-content\/uploads\/2024\/12\/LOS-ROBLES040.jpg 1193w\" sizes=\"auto, (max-width: 1024px) 100vw, 1024px\" \/><\/figure>\n\n\n\n<p>Desde las 15 horas, en la plaza de juegos, habr\u00e1 un espacio l\u00fadico para las ni\u00f1eces. Por \u00faltimo, a las 16 horas, se dar\u00e1 comienzo a la \u201cCaminata guiada por los senderos del bosque\u201d.<\/p>\n\n\n\n<p>En la Reserva Natural Municipal \u201cLos Robles\u201d se tiene la posibilidad de alquilar las posadas del bosque. Las reservas se pueden tramitar a trav\u00e9s del e-mail turismo@moreno.gov.ar, o por las siguientes plataformas: #Airbnb, #TripAdvisor y #Booking; as\u00ed como de manera presencial en la administraci\u00f3n de las caba\u00f1as.<\/p>\n\n\n\n<p>Para visitar la reserva no hace falta inscripci\u00f3n previa. Las visitas son por orden de llegada hasta completar la capacidad del lugar.<\/p>\n\n\n\n<p>Para llegar en transporte p\u00fablico, se encuentra disponible el recorrido 26 de La Perlita, cartel \u201cLos Robles\u201d. Los horarios de salida desde Moreno son: 7:35 horas \u2013 10:13 horas \u2013 12:35 horas \u2013 13:40 horas \u2013 14:40 horas \u2013 16:20 horas y 17:35 horas. Los de regreso desde Los Robles son: 8 horas \u2013 10:33 horas \u2013 13 horas \u2013 14:05 horas \u2013 15:05 horas \u2013 16:45 horas y a las 18 horas.<\/p>\n","protected":false},"excerpt":{"rendered":"<p>El municipio invita a los vecinos del distrito a diferentes opciones para disfrutar en familia del 6 al 8 de<\/p>\n","protected":false},"author":1,"featured_media":68801,"comment_status":"closed","ping_status":"closed","sticky":false,"template":"","format":"standard","meta":{"colormag_page_container_layout":"default_layout","colormag_page_sidebar_layout":"default_layout","footnotes":""},"categories":[9,17,2154,1173],"tags":[5702,437],"class_list":["post-68797","post","type-post","status-publish","format-standard","has-post-thumbnail","hentry","category-cultura","category-destacadas","category-moreno","category-municipales","tag-fin-de-semana","tag-moreno"],"_links":{"self":[{"href":"https:\/\/sectorprensa.com.ar\/index.php?rest_route=\/wp\/v2\/posts\/68797","targetHints":{"allow":["GET"]}}],"collection":[{"href":"https:\/\/sectorprensa.com.ar\/index.php?rest_route=\/wp\/v2\/posts"}],"about":[{"href":"https:\/\/sectorprensa.com.ar\/index.php?rest_route=\/wp\/v2\/types\/post"}],"author":[{"embeddable":true,"href":"https:\/\/sectorprensa.com.ar\/index.php?rest_route=\/wp\/v2\/users\/1"}],"replies":[{"embeddable":true,"href":"https:\/\/sectorprensa.com.ar\/index.php?rest_route=%2Fwp%2Fv2%2Fcomments&post=68797"}],"version-history":[{"count":1,"href":"https:\/\/sectorprensa.com.ar\/index.php?rest_route=\/wp\/v2\/posts\/68797\/revisions"}],"predecessor-version":[{"id":68802,"href":"https:\/\/sectorprensa.com.ar\/index.php?rest_route=\/wp\/v2\/posts\/68797\/revisions\/68802"}],"wp:featuredmedia":[{"embeddable":true,"href":"https:\/\/sectorprensa.com.ar\/index.php?rest_route=\/wp\/v2\/media\/68801"}],"wp:attachment":[{"href":"https:\/\/sectorprensa.com.ar\/index.php?rest_route=%2Fwp%2Fv2%2Fmedia&parent=68797"}],"wp:term":[{"taxonomy":"category","embeddable":true,"href":"https:\/\/sectorprensa.com.ar\/index.php?rest_route=%2Fwp%2Fv2%2Fcategories&post=68797"},{"taxonomy":"post_tag","embeddable":true,"href":"https:\/\/sectorprensa.com.ar\/index.php?rest_route=%2Fwp%2Fv2%2Ftags&post=68797"}],"curies":[{"name":"wp","href":"https:\/\/api.w.org\/{rel}","templated":true}]}}