{"id":68849,"date":"2024-12-10T08:42:37","date_gmt":"2024-12-10T11:42:37","guid":{"rendered":"https:\/\/sectorprensa.com.ar\/?p=68849"},"modified":"2024-12-10T08:42:38","modified_gmt":"2024-12-10T11:42:38","slug":"la-universidad-de-adultos-y-adultas-mayores-de-moron-celebro-sus-20-anos","status":"publish","type":"post","link":"https:\/\/sectorprensa.com.ar\/?p=68849","title":{"rendered":"La Universidad de Adultos y Adultas Mayores de Mor\u00f3n celebr\u00f3 sus 20 a\u00f1os"},"content":{"rendered":"\n<h6 class=\"wp-block-heading\"><strong>La instituci\u00f3n cumpli\u00f3 dos d\u00e9cadas de historia y lo festej\u00f3 con una muestra anual en el Centro de Jubilados Castelar Oeste. La comunidad puede acceder a una oferta educativa de m\u00e1s de 50 cursos.<\/strong><\/h6>\n\n\n\n<p>El Municipio de Mor\u00f3n celebr\u00f3 los 20 a\u00f1os de la Universidad de Adultos y Adultas Mayores con una muestra anual. Este espacio, que fue creado en 2004 bajo la gesti\u00f3n del intendente Mart\u00edn Sabbatella, tiene como fin brindar a las y los adultos mayores un lugar de reflexi\u00f3n, aprendizaje y reconocimiento de sus saberes previos.<\/p>\n\n\n\n<p>La sede, ubicada en la calle Arrecifes 974 de Castelar, comenz\u00f3 con talleres de filosof\u00eda, historia argentina e idiomas como ingl\u00e9s, franc\u00e9s y portugu\u00e9s. El programa se expandi\u00f3 y actualmente cuenta con 54 cursos que incluyen huerta, canto popular, tapiz, tejido, pintura, danza, canto, arte y literatura, entre otros. Las mismas, se llevan adelante en colaboraci\u00f3n con diversas instituciones del distrito como centros de jubilados, sociedades de fomento y unidades de gesti\u00f3n comunitaria.<\/p>\n\n\n\n<p>\u201cEstas pol\u00edticas permiten fortalecer el acceso de oportunidades para los adultos y adultas mayores y, al mismo tiempo, contribuir a su aprendizaje, conocimiento y calidad de vida\u201d, informaron.<\/p>\n\n\n\n<figure class=\"wp-block-embed is-type-wp-embed is-provider-sector-prensa wp-block-embed-sector-prensa\"><div class=\"wp-block-embed__wrapper\">\n<blockquote class=\"wp-embedded-content\" data-secret=\"4NSQpRFEo9\"><a href=\"https:\/\/sectorprensa.com.ar\/?p=68803\">Mor\u00f3n: Se proyectar\u00e1 el documental sobre la vida de Nora Corti\u00f1as<\/a><\/blockquote><iframe loading=\"lazy\" class=\"wp-embedded-content\" sandbox=\"allow-scripts\" security=\"restricted\" style=\"position: absolute; clip: rect(1px, 1px, 1px, 1px);\" title=\"\u00abMor\u00f3n: Se proyectar\u00e1 el documental sobre la vida de Nora Corti\u00f1as\u00bb \u2014 Sector Prensa\" src=\"https:\/\/sectorprensa.com.ar\/?p=68803&#038;embed=true#?secret=zVfZyX4Cav#?secret=4NSQpRFEo9\" data-secret=\"4NSQpRFEo9\" width=\"600\" height=\"338\" frameborder=\"0\" marginwidth=\"0\" marginheight=\"0\" scrolling=\"no\"><\/iframe>\n<\/div><\/figure>\n","protected":false},"excerpt":{"rendered":"<p>La instituci\u00f3n cumpli\u00f3 dos d\u00e9cadas de historia y lo festej\u00f3 con una muestra anual en el Centro de Jubilados Castelar<\/p>\n","protected":false},"author":6,"featured_media":68850,"comment_status":"closed","ping_status":"closed","sticky":false,"template":"","format":"standard","meta":{"colormag_page_container_layout":"default_layout","colormag_page_sidebar_layout":"default_layout","footnotes":""},"categories":[17,5,1173,10],"tags":[1127],"class_list":["post-68849","post","type-post","status-publish","format-standard","has-post-thumbnail","hentry","category-destacadas","category-moron","category-municipales","category-sociedad","tag-adultos-mayores"],"_links":{"self":[{"href":"https:\/\/sectorprensa.com.ar\/index.php?rest_route=\/wp\/v2\/posts\/68849","targetHints":{"allow":["GET"]}}],"collection":[{"href":"https:\/\/sectorprensa.com.ar\/index.php?rest_route=\/wp\/v2\/posts"}],"about":[{"href":"https:\/\/sectorprensa.com.ar\/index.php?rest_route=\/wp\/v2\/types\/post"}],"author":[{"embeddable":true,"href":"https:\/\/sectorprensa.com.ar\/index.php?rest_route=\/wp\/v2\/users\/6"}],"replies":[{"embeddable":true,"href":"https:\/\/sectorprensa.com.ar\/index.php?rest_route=%2Fwp%2Fv2%2Fcomments&post=68849"}],"version-history":[{"count":1,"href":"https:\/\/sectorprensa.com.ar\/index.php?rest_route=\/wp\/v2\/posts\/68849\/revisions"}],"predecessor-version":[{"id":68851,"href":"https:\/\/sectorprensa.com.ar\/index.php?rest_route=\/wp\/v2\/posts\/68849\/revisions\/68851"}],"wp:featuredmedia":[{"embeddable":true,"href":"https:\/\/sectorprensa.com.ar\/index.php?rest_route=\/wp\/v2\/media\/68850"}],"wp:attachment":[{"href":"https:\/\/sectorprensa.com.ar\/index.php?rest_route=%2Fwp%2Fv2%2Fmedia&parent=68849"}],"wp:term":[{"taxonomy":"category","embeddable":true,"href":"https:\/\/sectorprensa.com.ar\/index.php?rest_route=%2Fwp%2Fv2%2Fcategories&post=68849"},{"taxonomy":"post_tag","embeddable":true,"href":"https:\/\/sectorprensa.com.ar\/index.php?rest_route=%2Fwp%2Fv2%2Ftags&post=68849"}],"curies":[{"name":"wp","href":"https:\/\/api.w.org\/{rel}","templated":true}]}}