{"id":68852,"date":"2024-12-10T08:45:32","date_gmt":"2024-12-10T11:45:32","guid":{"rendered":"https:\/\/sectorprensa.com.ar\/?p=68852"},"modified":"2024-12-10T08:45:32","modified_gmt":"2024-12-10T11:45:32","slug":"cristina-kirchner-sergio-massa-y-axel-kicillof-encabezaron-un-encuentro-del-pj-en-moreno","status":"publish","type":"post","link":"https:\/\/sectorprensa.com.ar\/?p=68852","title":{"rendered":"Cristina Kirchner, Sergio Massa y Axel Kicillof encabezaron un encuentro del PJ en Moreno"},"content":{"rendered":"\n<h6 class=\"wp-block-heading\"><strong>\u00a0Los principales referentes del Partido Justicialista se mostraron juntos en medio de la tensi\u00f3n.<\/strong><\/h6>\n\n\n\n<p>El PJ bonaerense tuvo este lunes un encuentro que gener\u00f3 gran expectativa en la previa, por la asistencia de M\u00e1ximo Kirchner, l\u00edder del espacio; la presidenta del PJ, Cristina Kirchner; el gobernador bonaerense, Axel Kicillof; y el excandidato a Presidente de Uni\u00f3n por la Patria, Sergio Massa. Tambi\u00e9n estuvieron la intendenta de Moreno \u2013 vice del PJ nacional -, Mariel Fern\u00e1ndez, y la vicegobernadora bonaerense, Ver\u00f3nica Magario.<\/p>\n\n\n\n<p>La reuni\u00f3n se realiz\u00f3 en la\u00a0Reserva Municipal Los Robles, del partido de Moreno,\u00a0con el tel\u00f3n de fondo de la tensi\u00f3n que existe entre Axel Kicillof y el kirchnerismo duro, encarnado por Cristina y el diputado y l\u00edder de La C\u00e1mpora, M\u00e1ximo Kirchner, que estuvo detr\u00e1s de la convocatoria.<\/p>\n\n\n\n<p>El encuentro dur\u00f3 hasta las 16, y se realiz\u00f3\u00a0con el objetivo de \u201cvolver a conectar\u201d y dejar atr\u00e1s las internas.\u00a0De acuerdo a un documento que se difundi\u00f3 antes de la reuni\u00f3n, el objetivo del c\u00f3nclave fue hacer \u201cconsideraciones\u201d sobre el \u00faltimo encuentro del PJ Bonaerense realizado hace 10 meses, y luego un an\u00e1lisis de la situaci\u00f3n pol\u00edtica.<\/p>\n\n\n\n<p>Los militantes permanecieron en las inmediaciones del complejo, ya que no se les permiti\u00f3 el ingreso.\u00a0<\/p>\n\n\n\n<figure class=\"wp-block-embed is-type-wp-embed is-provider-sector-prensa wp-block-embed-sector-prensa\"><div class=\"wp-block-embed__wrapper\">\n<blockquote class=\"wp-embedded-content\" data-secret=\"liHHQQanca\"><a href=\"https:\/\/sectorprensa.com.ar\/?p=68837\">Se confirm\u00f3 donde celebrar\u00e1 Milei su primer a\u00f1o de gobierno<\/a><\/blockquote><iframe loading=\"lazy\" class=\"wp-embedded-content\" sandbox=\"allow-scripts\" security=\"restricted\" style=\"position: absolute; clip: rect(1px, 1px, 1px, 1px);\" title=\"\u00abSe confirm\u00f3 donde celebrar\u00e1 Milei su primer a\u00f1o de gobierno\u00bb \u2014 Sector Prensa\" src=\"https:\/\/sectorprensa.com.ar\/?p=68837&#038;embed=true#?secret=TDNf8d2XGq#?secret=liHHQQanca\" data-secret=\"liHHQQanca\" width=\"600\" height=\"338\" frameborder=\"0\" marginwidth=\"0\" marginheight=\"0\" scrolling=\"no\"><\/iframe>\n<\/div><\/figure>\n","protected":false},"excerpt":{"rendered":"<p>\u00a0Los principales referentes del Partido Justicialista se mostraron juntos en medio de la tensi\u00f3n. El PJ bonaerense tuvo este lunes<\/p>\n","protected":false},"author":6,"featured_media":68853,"comment_status":"closed","ping_status":"closed","sticky":false,"template":"","format":"standard","meta":{"colormag_page_container_layout":"default_layout","colormag_page_sidebar_layout":"default_layout","footnotes":""},"categories":[6828,2154,8],"tags":[590],"class_list":["post-68852","post","type-post","status-publish","format-standard","has-post-thumbnail","hentry","category-mas-destacadas","category-moreno","category-politica","tag-pj"],"_links":{"self":[{"href":"https:\/\/sectorprensa.com.ar\/index.php?rest_route=\/wp\/v2\/posts\/68852","targetHints":{"allow":["GET"]}}],"collection":[{"href":"https:\/\/sectorprensa.com.ar\/index.php?rest_route=\/wp\/v2\/posts"}],"about":[{"href":"https:\/\/sectorprensa.com.ar\/index.php?rest_route=\/wp\/v2\/types\/post"}],"author":[{"embeddable":true,"href":"https:\/\/sectorprensa.com.ar\/index.php?rest_route=\/wp\/v2\/users\/6"}],"replies":[{"embeddable":true,"href":"https:\/\/sectorprensa.com.ar\/index.php?rest_route=%2Fwp%2Fv2%2Fcomments&post=68852"}],"version-history":[{"count":1,"href":"https:\/\/sectorprensa.com.ar\/index.php?rest_route=\/wp\/v2\/posts\/68852\/revisions"}],"predecessor-version":[{"id":68854,"href":"https:\/\/sectorprensa.com.ar\/index.php?rest_route=\/wp\/v2\/posts\/68852\/revisions\/68854"}],"wp:featuredmedia":[{"embeddable":true,"href":"https:\/\/sectorprensa.com.ar\/index.php?rest_route=\/wp\/v2\/media\/68853"}],"wp:attachment":[{"href":"https:\/\/sectorprensa.com.ar\/index.php?rest_route=%2Fwp%2Fv2%2Fmedia&parent=68852"}],"wp:term":[{"taxonomy":"category","embeddable":true,"href":"https:\/\/sectorprensa.com.ar\/index.php?rest_route=%2Fwp%2Fv2%2Fcategories&post=68852"},{"taxonomy":"post_tag","embeddable":true,"href":"https:\/\/sectorprensa.com.ar\/index.php?rest_route=%2Fwp%2Fv2%2Ftags&post=68852"}],"curies":[{"name":"wp","href":"https:\/\/api.w.org\/{rel}","templated":true}]}}