{"id":68899,"date":"2024-12-12T09:24:36","date_gmt":"2024-12-12T12:24:36","guid":{"rendered":"https:\/\/sectorprensa.com.ar\/?p=68899"},"modified":"2024-12-12T09:24:37","modified_gmt":"2024-12-12T12:24:37","slug":"fuerte-caida-de-la-actividad-economica-en-moron-en-2024","status":"publish","type":"post","link":"https:\/\/sectorprensa.com.ar\/?p=68899","title":{"rendered":"Fuerte ca\u00edda de la actividad econ\u00f3mica en Mor\u00f3n en 2024"},"content":{"rendered":"\n<h6 class=\"wp-block-heading\"><strong>Seg\u00fan el \u00edndice que elabora el Observatorio Productivo del Municipio de Mor\u00f3n los niveles de actividad contin\u00faan por debajo de lo registrado antes del cambio de Gobierno.<\/strong><\/h6>\n\n\n\n<p id=\"f7c1\">En el \u00faltimo a\u00f1o, la econom\u00eda local en Mor\u00f3n registr\u00f3 un deterioro similar al que se vive en todo el pa\u00eds. En un distrito fuertemente marcado por la actividad comercial, la ca\u00edda de ventas en los negocios minoristas fue del 12,6% si se compara el per\u00edodo enero-octubre de este a\u00f1o con el mismo tramo de 2023. Ese descenso se estir\u00f3 a 14,1% en los hipermercados y a 18,7% en el shopping Plaza Oeste. La industria, por su parte, tuvo una declinaci\u00f3n del 13,1% en la comparaci\u00f3n interanual. Los datos surgen del \u00cdndice de Actividad Econ\u00f3mica Local que elabora el Observatorio Productivo Mor\u00f3n, de la Secretar\u00eda de Desarrollo Productivo del Municipio de Mor\u00f3n.<\/p>\n\n\n\n<p id=\"0b4d\">Durante el presente a\u00f1o, la ca\u00edda m\u00e1s relevante del comercio se registr\u00f3 en mayo y fue del 24,8% en relaci\u00f3n al mismo mes de 2023. Luego, las marcas empezaron a mejorar levemente pero se mantuvieron por debajo de los niveles de venta anteriores a la llegada al Gobierno del presidente Javier Milei. En el \u00faltimo mes evaluado, la ca\u00edda fue del 5,6% en relaci\u00f3n a lo vendido en octubre de 2023. Los rubros m\u00e1s afectados por el extraordinario descenso de la actividad comercial fueron los art\u00edculos de vestir (-23,8%), rotiser\u00eda (-19%), art\u00edculos escolares (-17,9%) y almac\u00e9n (-13,4%).<\/p>\n\n\n\n<p id=\"1fb5\">La actividad de la industria cay\u00f3 en un pozo profundo en el mes de junio, cuando registr\u00f3 un hundimiento del 32,5% en relaci\u00f3n al mismo mes de 2023. Ven\u00eda de meses de declinaci\u00f3n y comenz\u00f3 un leve repunte en el segundo semestre, registrando en octubre una ca\u00edda de 13,4% en comparaci\u00f3n con ese mismo mes del a\u00f1o anterior. Los rubros industriales m\u00e1s afectados fueron qu\u00edmica y petroqu\u00edmica (-15,5%), gr\u00e1fica (-15,2%), maderas (15%) y metalmec\u00e1nica (-9,1%).<\/p>\n\n\n\n<figure class=\"wp-block-embed is-type-wp-embed is-provider-sector-prensa wp-block-embed-sector-prensa\"><div class=\"wp-block-embed__wrapper\">\n<blockquote class=\"wp-embedded-content\" data-secret=\"oMIBGPTtX6\"><a href=\"https:\/\/sectorprensa.com.ar\/?p=68872\">Mor\u00f3n present\u00f3 el anteproyecto para la reforma del C\u00f3digo de Ordenamiento Urbano<\/a><\/blockquote><iframe loading=\"lazy\" class=\"wp-embedded-content\" sandbox=\"allow-scripts\" security=\"restricted\" style=\"position: absolute; clip: rect(1px, 1px, 1px, 1px);\" title=\"\u00abMor\u00f3n present\u00f3 el anteproyecto para la reforma del C\u00f3digo de Ordenamiento Urbano\u00bb \u2014 Sector Prensa\" src=\"https:\/\/sectorprensa.com.ar\/?p=68872&#038;embed=true#?secret=YUkFlLo1Mr#?secret=oMIBGPTtX6\" data-secret=\"oMIBGPTtX6\" width=\"600\" height=\"338\" frameborder=\"0\" marginwidth=\"0\" marginheight=\"0\" scrolling=\"no\"><\/iframe>\n<\/div><\/figure>\n","protected":false},"excerpt":{"rendered":"<p>Seg\u00fan el \u00edndice que elabora el Observatorio Productivo del Municipio de Mor\u00f3n los niveles de actividad contin\u00faan por debajo de<\/p>\n","protected":false},"author":6,"featured_media":68900,"comment_status":"closed","ping_status":"closed","sticky":false,"template":"","format":"standard","meta":{"colormag_page_container_layout":"default_layout","colormag_page_sidebar_layout":"default_layout","footnotes":""},"categories":[6828,5,1173,10],"tags":[5564],"class_list":["post-68899","post","type-post","status-publish","format-standard","has-post-thumbnail","hentry","category-mas-destacadas","category-moron","category-municipales","category-sociedad","tag-economia"],"_links":{"self":[{"href":"https:\/\/sectorprensa.com.ar\/index.php?rest_route=\/wp\/v2\/posts\/68899","targetHints":{"allow":["GET"]}}],"collection":[{"href":"https:\/\/sectorprensa.com.ar\/index.php?rest_route=\/wp\/v2\/posts"}],"about":[{"href":"https:\/\/sectorprensa.com.ar\/index.php?rest_route=\/wp\/v2\/types\/post"}],"author":[{"embeddable":true,"href":"https:\/\/sectorprensa.com.ar\/index.php?rest_route=\/wp\/v2\/users\/6"}],"replies":[{"embeddable":true,"href":"https:\/\/sectorprensa.com.ar\/index.php?rest_route=%2Fwp%2Fv2%2Fcomments&post=68899"}],"version-history":[{"count":1,"href":"https:\/\/sectorprensa.com.ar\/index.php?rest_route=\/wp\/v2\/posts\/68899\/revisions"}],"predecessor-version":[{"id":68901,"href":"https:\/\/sectorprensa.com.ar\/index.php?rest_route=\/wp\/v2\/posts\/68899\/revisions\/68901"}],"wp:featuredmedia":[{"embeddable":true,"href":"https:\/\/sectorprensa.com.ar\/index.php?rest_route=\/wp\/v2\/media\/68900"}],"wp:attachment":[{"href":"https:\/\/sectorprensa.com.ar\/index.php?rest_route=%2Fwp%2Fv2%2Fmedia&parent=68899"}],"wp:term":[{"taxonomy":"category","embeddable":true,"href":"https:\/\/sectorprensa.com.ar\/index.php?rest_route=%2Fwp%2Fv2%2Fcategories&post=68899"},{"taxonomy":"post_tag","embeddable":true,"href":"https:\/\/sectorprensa.com.ar\/index.php?rest_route=%2Fwp%2Fv2%2Ftags&post=68899"}],"curies":[{"name":"wp","href":"https:\/\/api.w.org\/{rel}","templated":true}]}}