{"id":68914,"date":"2024-12-12T09:24:27","date_gmt":"2024-12-12T12:24:27","guid":{"rendered":"https:\/\/sectorprensa.com.ar\/?p=68914"},"modified":"2024-12-12T09:24:27","modified_gmt":"2024-12-12T12:24:27","slug":"cristina-kirchner-asumio-la-presidencia-del-pj-este-gobierno-no-tiene-modelo-productivo","status":"publish","type":"post","link":"https:\/\/sectorprensa.com.ar\/?p=68914","title":{"rendered":"Cristina Kirchner asumi\u00f3 la presidencia del PJ: \u201cEste gobierno no tiene modelo productivo\u201d"},"content":{"rendered":"\n<h6 class=\"wp-block-heading\"><strong>\u201cEl modelo que est\u00e1 viviendo Argentina es m\u00e1s viejo que el sol. Este gobierno no tiene modelo productivo\u201d, apunt\u00f3 la flamante titular del justicialismo.<\/strong><\/h6>\n\n\n\n<p>La exmandataria Cristina Fern\u00e1ndez de Kirchner asumi\u00f3 este mi\u00e9rcoles formalmente la presidencia del PJ nacional, en el marco de un acto donde lanz\u00f3 duras cr\u00edticas a la administraci\u00f3n de Javier Milei.<\/p>\n\n\n\n<p>Durante el acto celebrado en la Universidad Metropolitana para la Educaci\u00f3n y el Trabajo (UMET), Fern\u00e1ndez de Kirchner traz\u00f3 un exhaustivo an\u00e1lisis del modelo econ\u00f3mico de Milei.<\/p>\n\n\n\n<p>\u201cPropuso dolarizaci\u00f3n y motosierra contra la casta, pero este modelo que est\u00e1 viviendo la Argentina es m\u00e1s viejo que el sol. Esto ya lo vivimos con Mart\u00ednez de Hoz\u201d, apunt\u00f3.<\/p>\n\n\n\n<p>En esa l\u00ednea, sostuvo que \u201ceste gobierno no tiene modelo productivo, sino modelo de valorizaci\u00f3n financiera a trav\u00e9s del carry trade\u201d.<\/p>\n\n\n\n<p>\u201cMilei sabe que si se mueve el d\u00f3lar, sube la inflaci\u00f3n. Cerraron 11 mil empresas de hasta 50 empleados en lo que va de la gesti\u00f3n\u201d, grafic\u00f3 la flamante titular del&nbsp; justicialismo.<\/p>\n\n\n\n<p>No obstante, admiti\u00f3 que \u201cel blanqueo fue exitoso \u2013ingresaron 23 mil millones de d\u00f3lares, mucho m\u00e1s exitoso que el de (Mauricio) Macri\u201d.<\/p>\n\n\n\n<p>Por otra parte, Cristina habl\u00f3 del esc\u00e1ndalo del senador Edgardo Kueider, detenido en Paraguay con 200 mil d\u00f3lares sin declarar.<\/p>\n\n\n\n<p>\u201cNo hay antecedente de nuestra historia de un senador detenido en comisi\u00f3n de un delito\u201d, enfatiz\u00f3.<\/p>\n\n\n\n<p>Sobre este punto, desliz\u00f3 que el dinero de Kueider habr\u00eda estado vinculado con sus votaciones en el Congreso para destrabar leyes clave del gobierno libertario.<\/p>\n\n\n\n<p>\u201cEste senador fue clave en la aprobaci\u00f3n de la Ley Bases. En comisi\u00f3n y luego en el recinto\u201d, remarc\u00f3.<\/p>\n\n\n\n<p>Adem\u00e1s, CFK cuestion\u00f3 el entendimiento alcanzado entre el gobierno de Alberto Fern\u00e1ndez y el Fondo Monetario Internacional: \u201cJam\u00e1s deber\u00edamos haber firmado el acuerdo con el FMI\u201d.<\/p>\n\n\n\n<p>Para terminar, dej\u00f3 en claro la premisa del peronismo de cara al futuro. \u201cLos dirigentes del PJ deben volver a ser militantes. El partido debe formar cuadros pol\u00edticos y t\u00e9cnicos\u201d, finaliz\u00f3 Cristina.<\/p>\n\n\n\n<figure class=\"wp-block-embed is-type-wp-embed is-provider-sector-prensa wp-block-embed-sector-prensa\"><div class=\"wp-block-embed__wrapper\">\n<blockquote class=\"wp-embedded-content\" data-secret=\"wmjDpY4TLA\"><a href=\"https:\/\/sectorprensa.com.ar\/?p=68881\">\u201cQuieren una sociedad de hu\u00e9rfanos\u201d: el duro diagn\u00f3stico de los curas villeros<\/a><\/blockquote><iframe loading=\"lazy\" class=\"wp-embedded-content\" sandbox=\"allow-scripts\" security=\"restricted\" style=\"position: absolute; clip: rect(1px, 1px, 1px, 1px);\" title=\"\u00ab\u201cQuieren una sociedad de hu\u00e9rfanos\u201d: el duro diagn\u00f3stico de los curas villeros\u00bb \u2014 Sector Prensa\" src=\"https:\/\/sectorprensa.com.ar\/?p=68881&#038;embed=true#?secret=zhCRJQlwik#?secret=wmjDpY4TLA\" data-secret=\"wmjDpY4TLA\" width=\"600\" height=\"338\" frameborder=\"0\" marginwidth=\"0\" marginheight=\"0\" scrolling=\"no\"><\/iframe>\n<\/div><\/figure>\n","protected":false},"excerpt":{"rendered":"<p>\u201cEl modelo que est\u00e1 viviendo Argentina es m\u00e1s viejo que el sol. Este gobierno no tiene modelo productivo\u201d, apunt\u00f3 la<\/p>\n","protected":false},"author":6,"featured_media":68915,"comment_status":"closed","ping_status":"closed","sticky":false,"template":"","format":"standard","meta":{"colormag_page_container_layout":"default_layout","colormag_page_sidebar_layout":"default_layout","footnotes":""},"categories":[17,8],"tags":[6851,590],"class_list":["post-68914","post","type-post","status-publish","format-standard","has-post-thumbnail","hentry","category-destacadas","category-politica","tag-cristina-fernandez-de-kirchner-2","tag-pj"],"_links":{"self":[{"href":"https:\/\/sectorprensa.com.ar\/index.php?rest_route=\/wp\/v2\/posts\/68914","targetHints":{"allow":["GET"]}}],"collection":[{"href":"https:\/\/sectorprensa.com.ar\/index.php?rest_route=\/wp\/v2\/posts"}],"about":[{"href":"https:\/\/sectorprensa.com.ar\/index.php?rest_route=\/wp\/v2\/types\/post"}],"author":[{"embeddable":true,"href":"https:\/\/sectorprensa.com.ar\/index.php?rest_route=\/wp\/v2\/users\/6"}],"replies":[{"embeddable":true,"href":"https:\/\/sectorprensa.com.ar\/index.php?rest_route=%2Fwp%2Fv2%2Fcomments&post=68914"}],"version-history":[{"count":1,"href":"https:\/\/sectorprensa.com.ar\/index.php?rest_route=\/wp\/v2\/posts\/68914\/revisions"}],"predecessor-version":[{"id":68916,"href":"https:\/\/sectorprensa.com.ar\/index.php?rest_route=\/wp\/v2\/posts\/68914\/revisions\/68916"}],"wp:featuredmedia":[{"embeddable":true,"href":"https:\/\/sectorprensa.com.ar\/index.php?rest_route=\/wp\/v2\/media\/68915"}],"wp:attachment":[{"href":"https:\/\/sectorprensa.com.ar\/index.php?rest_route=%2Fwp%2Fv2%2Fmedia&parent=68914"}],"wp:term":[{"taxonomy":"category","embeddable":true,"href":"https:\/\/sectorprensa.com.ar\/index.php?rest_route=%2Fwp%2Fv2%2Fcategories&post=68914"},{"taxonomy":"post_tag","embeddable":true,"href":"https:\/\/sectorprensa.com.ar\/index.php?rest_route=%2Fwp%2Fv2%2Ftags&post=68914"}],"curies":[{"name":"wp","href":"https:\/\/api.w.org\/{rel}","templated":true}]}}