{"id":69034,"date":"2024-12-17T16:08:57","date_gmt":"2024-12-17T19:08:57","guid":{"rendered":"https:\/\/sectorprensa.com.ar\/?p=69034"},"modified":"2024-12-17T16:08:58","modified_gmt":"2024-12-17T19:08:58","slug":"el-gobierno-oficializo-el-cierre-de-trenes-argentinos-capital-humano","status":"publish","type":"post","link":"https:\/\/sectorprensa.com.ar\/?p=69034","title":{"rendered":"El gobierno oficializ\u00f3 el cierre de Trenes Argentinos Capital Humano"},"content":{"rendered":"\n<h6 class=\"wp-block-heading\"><strong>El anuncio fue realizado por medio de un comunicado. Adem\u00e1s, el cese de actividades fue firmado por la Secretar\u00eda de Transporte. El gobierno indic\u00f3 que la empresa \u00abmalgastaba recursos, no operaba trenes y no ten\u00eda funciones que justifiquen su existencia\u00bb.<\/strong><\/h6>\n\n\n\n<p>El gobierno nacional emiti\u00f3 un comunicado este martes donde anunci\u00f3 el cierre de Trenes Argentinos Capital Humano. El motivo de esta medida, la cual buscaba concretar la administraci\u00f3n de Javier Milei desde octubre, es que la empresa \u00abno ten\u00eda funciones que justifiquen su existencia\u00bb.<\/p>\n\n\n\n<p>En su p\u00e1gina web, el Ejecutivo Nacional dijo: \u00abA partir de ahora, Trenes Capital Humano no realizar\u00e1 contrataciones ni facturaciones y, en los aspectos puntualmente econ\u00f3micos, no tendr\u00e1 egresos ni tampoco ingresos. Adem\u00e1s, al darse de baja la empresa, no contar\u00e1 con personal ni realizar\u00e1 ninguna actividad\u00bb.<\/p>\n\n\n\n<p>\u00abLa resoluci\u00f3n 58\/2024, publicada hoy en Bolet\u00edn Oficial, se ordena al Directorio de Trenes Argentinos Capital Humano a convocar a una Asamblea General Extraordinaria para el inicio del proceso de liquidaci\u00f3n de la sociedad. Y respecto a las cuestiones legales en curso que tiene el organismo, continuar\u00e1n su debido proceso\u00bb, indic\u00f3.<\/p>\n\n\n\n<p>Luego, agregaron que esta medida se encuentra enmarcada \u00abdentro de la decisi\u00f3n del Gobierno Nacional, a principios de octubre, que dispuso el cierre de Trenes Argentinos Capital Humano\u00bb. Adem\u00e1s, explic\u00f3 que el motivo se debe a que la compa\u00f1\u00eda \u00abmalgastaba recursos, no operaba trenes y no ten\u00edan funciones que justifiquen su existencia\u00bb.<\/p>\n\n\n\n<p>\u00abEs importante recordar que Trenes Capital Humano demand\u00f3 180 millones de d\u00f3lares al Tesoro nacional durante la gesti\u00f3n anterior para motivos ins\u00f3litos como fueron obras de arte en estaciones de trenes que no operaban o programas como \u201cEntretrenerte\u201d donde contrataban artistas y hac\u00edan fiestas gratis durante la pandemia\u00bb, comentaron desde el gobierno y a\u00f1adieron que el cierre significar\u00eda \u00abun ahorro para el Estado de 42 mil millones de pesos anuales\u00bb.<\/p>\n\n\n\n<figure class=\"wp-block-embed is-type-wp-embed is-provider-sector-prensa wp-block-embed-sector-prensa\"><div class=\"wp-block-embed__wrapper\">\n<blockquote class=\"wp-embedded-content\" data-secret=\"YkZX9Fmmvy\"><a href=\"https:\/\/sectorprensa.com.ar\/?p=69003\">\u00abEl gobierno reconoce que perdimos 40% de nuestro salario, pero el reconocimiento no alcanza\u00bb<\/a><\/blockquote><iframe loading=\"lazy\" class=\"wp-embedded-content\" sandbox=\"allow-scripts\" security=\"restricted\" style=\"position: absolute; clip: rect(1px, 1px, 1px, 1px);\" title=\"\u00ab\u00abEl gobierno reconoce que perdimos 40% de nuestro salario, pero el reconocimiento no alcanza\u00bb\u00bb \u2014 Sector Prensa\" src=\"https:\/\/sectorprensa.com.ar\/?p=69003&#038;embed=true#?secret=qht2fb1c1F#?secret=YkZX9Fmmvy\" data-secret=\"YkZX9Fmmvy\" width=\"600\" height=\"338\" frameborder=\"0\" marginwidth=\"0\" marginheight=\"0\" scrolling=\"no\"><\/iframe>\n<\/div><\/figure>\n","protected":false},"excerpt":{"rendered":"<p>El anuncio fue realizado por medio de un comunicado. Adem\u00e1s, el cese de actividades fue firmado por la Secretar\u00eda de<\/p>\n","protected":false},"author":5,"featured_media":69035,"comment_status":"closed","ping_status":"closed","sticky":false,"template":"","format":"standard","meta":{"colormag_page_container_layout":"default_layout","colormag_page_sidebar_layout":"default_layout","footnotes":""},"categories":[17,8],"tags":[6221,9294],"class_list":["post-69034","post","type-post","status-publish","format-standard","has-post-thumbnail","hentry","category-destacadas","category-politica","tag-javier-milei","tag-trenes-argentinos-capital-humano"],"_links":{"self":[{"href":"https:\/\/sectorprensa.com.ar\/index.php?rest_route=\/wp\/v2\/posts\/69034","targetHints":{"allow":["GET"]}}],"collection":[{"href":"https:\/\/sectorprensa.com.ar\/index.php?rest_route=\/wp\/v2\/posts"}],"about":[{"href":"https:\/\/sectorprensa.com.ar\/index.php?rest_route=\/wp\/v2\/types\/post"}],"author":[{"embeddable":true,"href":"https:\/\/sectorprensa.com.ar\/index.php?rest_route=\/wp\/v2\/users\/5"}],"replies":[{"embeddable":true,"href":"https:\/\/sectorprensa.com.ar\/index.php?rest_route=%2Fwp%2Fv2%2Fcomments&post=69034"}],"version-history":[{"count":1,"href":"https:\/\/sectorprensa.com.ar\/index.php?rest_route=\/wp\/v2\/posts\/69034\/revisions"}],"predecessor-version":[{"id":69036,"href":"https:\/\/sectorprensa.com.ar\/index.php?rest_route=\/wp\/v2\/posts\/69034\/revisions\/69036"}],"wp:featuredmedia":[{"embeddable":true,"href":"https:\/\/sectorprensa.com.ar\/index.php?rest_route=\/wp\/v2\/media\/69035"}],"wp:attachment":[{"href":"https:\/\/sectorprensa.com.ar\/index.php?rest_route=%2Fwp%2Fv2%2Fmedia&parent=69034"}],"wp:term":[{"taxonomy":"category","embeddable":true,"href":"https:\/\/sectorprensa.com.ar\/index.php?rest_route=%2Fwp%2Fv2%2Fcategories&post=69034"},{"taxonomy":"post_tag","embeddable":true,"href":"https:\/\/sectorprensa.com.ar\/index.php?rest_route=%2Fwp%2Fv2%2Ftags&post=69034"}],"curies":[{"name":"wp","href":"https:\/\/api.w.org\/{rel}","templated":true}]}}