{"id":69051,"date":"2024-12-18T10:53:43","date_gmt":"2024-12-18T13:53:43","guid":{"rendered":"https:\/\/sectorprensa.com.ar\/?p=69051"},"modified":"2024-12-18T10:53:44","modified_gmt":"2024-12-18T13:53:44","slug":"video-libertad-policia-se-defendio-de-un-robo-y-mato-a-un-motochorro","status":"publish","type":"post","link":"https:\/\/sectorprensa.com.ar\/?p=69051","title":{"rendered":"[Video] Libertad: polic\u00eda se defendi\u00f3 de un robo y mat\u00f3 a un motochorro"},"content":{"rendered":"\n<h6 class=\"wp-block-heading\"><strong>El hecho ocurri\u00f3 este lunes por la noche, cuando el efectivo de la Polic\u00eda de la Ciudad se dirig\u00eda a su casa. El agente result\u00f3 herido, pero se recupera en el Sanatorio del Oeste en Ituzaing\u00f3.<\/strong><\/h6>\n\n\n\n<p>Un efectivo de la Polic\u00eda de la Ciudad mat\u00f3 a uno de los cuatro motochorros que lo emboscaron mientras se dirig\u00eda a su casa en la localidad de Libertad, partido de Merlo. Parte del enfrentamiento, en el que adem\u00e1s la v\u00edctima result\u00f3 herida, fue capturado por una c\u00e1mara de seguridad.<\/p>\n\n\n\n<p>El hecho ocurri\u00f3 alrededor de las 23.30 de este lunes. El agente, de 30 a\u00f1os, se encontraba franco de servicio y vestido de civil cuando fue\u00a0interceptado por dos motos\u00a0en la zona del cruce de las calles Querand\u00edes y Marcos Paz.<\/p>\n\n\n\n<p>Seg\u00fan se observa en las im\u00e1genes, los delincuentes le cerraron el paso y dos de ellos descendieron para apuntar al polic\u00eda y exigirle sus pertenencias. El oficial, al percatarse del asalto, dej\u00f3 caer su moto y retrocedi\u00f3 para protegerse, al tiempo que, se presume, intentaba evitar que descubrieran su arma reglamentaria.<\/p>\n\n\n\n<figure class=\"wp-block-embed is-type-rich is-provider-twitter wp-block-embed-twitter\"><div class=\"wp-block-embed__wrapper\">\n<blockquote class=\"twitter-tweet\" data-width=\"550\" data-dnt=\"true\"><p lang=\"es\" dir=\"ltr\">\ud83d\udea8 POLIC\u00cdA SE DEFENDI\u00d3 DE UN ASALTO PIRA\u00d1A DE MOTOCHORROS Y MAT\u00d3 A UNO DE LOS LADRONES<br>&#8211; El polic\u00eda result\u00f3 herido.<br>&#8211; Fue en Merlo <a href=\"https:\/\/t.co\/BEpbCD9JQT\">pic.twitter.com\/BEpbCD9JQT<\/a><\/p>&mdash; V\u00eda Szeta (@mauroszeta) <a href=\"https:\/\/twitter.com\/mauroszeta\/status\/1869095284900299075?ref_src=twsrc%5Etfw\">December 17, 2024<\/a><\/blockquote><script async src=\"https:\/\/platform.twitter.com\/widgets.js\" charset=\"utf-8\"><\/script>\n<\/div><\/figure>\n\n\n\n<p>Uno de los motochorros lo sujet\u00f3 por detr\u00e1s: aparentemente le quiso sacar la mochila a la v\u00edctima, que se resisti\u00f3. En medio del forcejeo, el polic\u00eda logr\u00f3 zafarse, tomar posici\u00f3n y disparar contra uno de los atacantes, quien muri\u00f3 en el lugar. As\u00ed, se produjo un tiroteo que tambi\u00e9n dej\u00f3 herido al efectivo policial: recibi\u00f3 un balazo en el muslo izquierdo.<\/p>\n\n\n\n<p>La escena qued\u00f3 registrada parcialmente por una c\u00e1mara de la zona. Las pericias posteriores confirmaron el hallazgo de cuatro vainas servidas y una pistola calibre .38 sin marca ni numeraci\u00f3n visible, que habr\u00eda sido utilizada por los asaltantes.<\/p>\n\n\n\n<p>El polic\u00eda, tras el enfrentamiento, levant\u00f3 su moto y dio aviso al 911. Ahora se encuentra internado en el Sanatorio del Oeste en Ituzaing\u00f3.\u00a0Su arma reglamentaria fue secuestrada para ser peritada.<\/p>\n\n\n\n<p>El fiscal\u00a0Mario Ferrario, de la Unidad Funcional de Instrucci\u00f3n N\u00b03 de Mor\u00f3n, qued\u00f3 a cargo de la investigaci\u00f3n, en una causa por\u00a0homicidio en ocasi\u00f3n de robo y robo agravado en grado de tentativa.<\/p>\n\n\n\n<figure class=\"wp-block-embed is-type-wp-embed is-provider-sector-prensa wp-block-embed-sector-prensa\"><div class=\"wp-block-embed__wrapper\">\n<blockquote class=\"wp-embedded-content\" data-secret=\"w0lzYnOiMJ\"><a href=\"https:\/\/sectorprensa.com.ar\/?p=69029\">Tragedia en Moreno: una joven muri\u00f3 tras ser atacada por motochorros<\/a><\/blockquote><iframe loading=\"lazy\" class=\"wp-embedded-content\" sandbox=\"allow-scripts\" security=\"restricted\" style=\"position: absolute; clip: rect(1px, 1px, 1px, 1px);\" title=\"\u00abTragedia en Moreno: una joven muri\u00f3 tras ser atacada por motochorros\u00bb \u2014 Sector Prensa\" src=\"https:\/\/sectorprensa.com.ar\/?p=69029&#038;embed=true#?secret=oR8RgQFjQc#?secret=w0lzYnOiMJ\" data-secret=\"w0lzYnOiMJ\" width=\"600\" height=\"338\" frameborder=\"0\" marginwidth=\"0\" marginheight=\"0\" scrolling=\"no\"><\/iframe>\n<\/div><\/figure>\n","protected":false},"excerpt":{"rendered":"<p>El hecho ocurri\u00f3 este lunes por la noche, cuando el efectivo de la Polic\u00eda de la Ciudad se dirig\u00eda a<\/p>\n","protected":false},"author":6,"featured_media":69052,"comment_status":"closed","ping_status":"closed","sticky":false,"template":"","format":"standard","meta":{"colormag_page_container_layout":"default_layout","colormag_page_sidebar_layout":"default_layout","footnotes":""},"categories":[6828,7,12],"tags":[],"class_list":["post-69051","post","type-post","status-publish","format-standard","has-post-thumbnail","hentry","category-mas-destacadas","category-merlo","category-policiales"],"_links":{"self":[{"href":"https:\/\/sectorprensa.com.ar\/index.php?rest_route=\/wp\/v2\/posts\/69051","targetHints":{"allow":["GET"]}}],"collection":[{"href":"https:\/\/sectorprensa.com.ar\/index.php?rest_route=\/wp\/v2\/posts"}],"about":[{"href":"https:\/\/sectorprensa.com.ar\/index.php?rest_route=\/wp\/v2\/types\/post"}],"author":[{"embeddable":true,"href":"https:\/\/sectorprensa.com.ar\/index.php?rest_route=\/wp\/v2\/users\/6"}],"replies":[{"embeddable":true,"href":"https:\/\/sectorprensa.com.ar\/index.php?rest_route=%2Fwp%2Fv2%2Fcomments&post=69051"}],"version-history":[{"count":1,"href":"https:\/\/sectorprensa.com.ar\/index.php?rest_route=\/wp\/v2\/posts\/69051\/revisions"}],"predecessor-version":[{"id":69053,"href":"https:\/\/sectorprensa.com.ar\/index.php?rest_route=\/wp\/v2\/posts\/69051\/revisions\/69053"}],"wp:featuredmedia":[{"embeddable":true,"href":"https:\/\/sectorprensa.com.ar\/index.php?rest_route=\/wp\/v2\/media\/69052"}],"wp:attachment":[{"href":"https:\/\/sectorprensa.com.ar\/index.php?rest_route=%2Fwp%2Fv2%2Fmedia&parent=69051"}],"wp:term":[{"taxonomy":"category","embeddable":true,"href":"https:\/\/sectorprensa.com.ar\/index.php?rest_route=%2Fwp%2Fv2%2Fcategories&post=69051"},{"taxonomy":"post_tag","embeddable":true,"href":"https:\/\/sectorprensa.com.ar\/index.php?rest_route=%2Fwp%2Fv2%2Ftags&post=69051"}],"curies":[{"name":"wp","href":"https:\/\/api.w.org\/{rel}","templated":true}]}}