{"id":69335,"date":"2025-01-02T16:22:53","date_gmt":"2025-01-02T19:22:53","guid":{"rendered":"https:\/\/sectorprensa.com.ar\/?p=69335"},"modified":"2025-01-02T16:22:54","modified_gmt":"2025-01-02T19:22:54","slug":"eduardo-belliboni-fue-procesado","status":"publish","type":"post","link":"https:\/\/sectorprensa.com.ar\/?p=69335","title":{"rendered":"Eduardo Belliboni fue procesado"},"content":{"rendered":"\n<h6 class=\"wp-block-heading\"><strong>El titular del Polo Obrero est\u00e1 imputado por administraci\u00f3n fraudulenta, extorsi\u00f3n y amenazas coactivas. Adem\u00e1s, podr\u00eda ser llevado a juicio oral.<\/strong><\/h6>\n\n\n\n<p>La C\u00e1mara Federal de Casaci\u00f3n Penal confirm\u00f3 que Eduardo Belliboni, referente del Polo Obrero, fue procesado por los delitos de administraci\u00f3n fraudulenta, extorsi\u00f3n y amenazas coactivas en la causa de desv\u00edo de fondos p\u00fablicos otorgados por el Estado por medio de planes sociales. Tambi\u00e9n se encuentran imputados otras 14 personas.<\/p>\n\n\n\n<p>Belliboni hab\u00eda apelado a la causa, los jueces consideraron como \u00abinadmisible\u00bb esta acci\u00f3n y confirmaron \u00ablos procesamientos de los aqu\u00ed imputados as\u00ed como las medidas cautelares dispuestas\u00bb.<\/p>\n\n\n\n<p>Sumado a eso, los camaristas Gustavo Hornos, Javier Carbajo y Mariano Borinsky, dejaron en pie la decisi\u00f3n de la sala I de la C\u00e1mara Federal de sumar los casos de extorsi\u00f3n y amenazas coactivas a los beneficiarios de planes sociales. Vale aclarar, tambi\u00e9n se involucrar\u00eda a Mar\u00eda Dotti.<\/p>\n\n\n\n<p>En caso de que la causa pase a la instancia de juicio oral, las penas por los delitos que se le acusan al l\u00edder del Polo Obrero pueden alcanzar los 15 a\u00f1os.<\/p>\n\n\n\n<figure class=\"wp-block-embed is-type-wp-embed is-provider-sector-prensa wp-block-embed-sector-prensa\"><div class=\"wp-block-embed__wrapper\">\n<blockquote class=\"wp-embedded-content\" data-secret=\"Jq2FULorGf\"><a href=\"https:\/\/sectorprensa.com.ar\/?p=69316\">Eduardo Belliboni: \u201cDesde hace meses que la CGT no mueve un dedo\u201d<\/a><\/blockquote><iframe loading=\"lazy\" class=\"wp-embedded-content\" sandbox=\"allow-scripts\" security=\"restricted\" style=\"position: absolute; clip: rect(1px, 1px, 1px, 1px);\" title=\"\u00abEduardo Belliboni: \u201cDesde hace meses que la CGT no mueve un dedo\u201d\u00bb \u2014 Sector Prensa\" src=\"https:\/\/sectorprensa.com.ar\/?p=69316&#038;embed=true#?secret=zTlmJl6P45#?secret=Jq2FULorGf\" data-secret=\"Jq2FULorGf\" width=\"600\" height=\"338\" frameborder=\"0\" marginwidth=\"0\" marginheight=\"0\" scrolling=\"no\"><\/iframe>\n<\/div><\/figure>\n","protected":false},"excerpt":{"rendered":"<p>El titular del Polo Obrero est\u00e1 imputado por administraci\u00f3n fraudulenta, extorsi\u00f3n y amenazas coactivas. Adem\u00e1s, podr\u00eda ser llevado a juicio<\/p>\n","protected":false},"author":5,"featured_media":69336,"comment_status":"closed","ping_status":"closed","sticky":false,"template":"","format":"standard","meta":{"colormag_page_container_layout":"default_layout","colormag_page_sidebar_layout":"default_layout","footnotes":""},"categories":[17,8],"tags":[9316,5715],"class_list":["post-69335","post","type-post","status-publish","format-standard","has-post-thumbnail","hentry","category-destacadas","category-politica","tag-camara-federal-de-casacion-penal","tag-eduardo-belliboni"],"_links":{"self":[{"href":"https:\/\/sectorprensa.com.ar\/index.php?rest_route=\/wp\/v2\/posts\/69335","targetHints":{"allow":["GET"]}}],"collection":[{"href":"https:\/\/sectorprensa.com.ar\/index.php?rest_route=\/wp\/v2\/posts"}],"about":[{"href":"https:\/\/sectorprensa.com.ar\/index.php?rest_route=\/wp\/v2\/types\/post"}],"author":[{"embeddable":true,"href":"https:\/\/sectorprensa.com.ar\/index.php?rest_route=\/wp\/v2\/users\/5"}],"replies":[{"embeddable":true,"href":"https:\/\/sectorprensa.com.ar\/index.php?rest_route=%2Fwp%2Fv2%2Fcomments&post=69335"}],"version-history":[{"count":1,"href":"https:\/\/sectorprensa.com.ar\/index.php?rest_route=\/wp\/v2\/posts\/69335\/revisions"}],"predecessor-version":[{"id":69337,"href":"https:\/\/sectorprensa.com.ar\/index.php?rest_route=\/wp\/v2\/posts\/69335\/revisions\/69337"}],"wp:featuredmedia":[{"embeddable":true,"href":"https:\/\/sectorprensa.com.ar\/index.php?rest_route=\/wp\/v2\/media\/69336"}],"wp:attachment":[{"href":"https:\/\/sectorprensa.com.ar\/index.php?rest_route=%2Fwp%2Fv2%2Fmedia&parent=69335"}],"wp:term":[{"taxonomy":"category","embeddable":true,"href":"https:\/\/sectorprensa.com.ar\/index.php?rest_route=%2Fwp%2Fv2%2Fcategories&post=69335"},{"taxonomy":"post_tag","embeddable":true,"href":"https:\/\/sectorprensa.com.ar\/index.php?rest_route=%2Fwp%2Fv2%2Ftags&post=69335"}],"curies":[{"name":"wp","href":"https:\/\/api.w.org\/{rel}","templated":true}]}}