{"id":69444,"date":"2025-01-07T14:02:48","date_gmt":"2025-01-07T17:02:48","guid":{"rendered":"https:\/\/sectorprensa.com.ar\/?p=69444"},"modified":"2025-01-07T14:02:49","modified_gmt":"2025-01-07T17:02:49","slug":"un-encapuchado-ingreso-a-robar-durante-varios-dias-en-midland","status":"publish","type":"post","link":"https:\/\/sectorprensa.com.ar\/?p=69444","title":{"rendered":"Un encapuchado ingres\u00f3 a robar durante varios d\u00edas en Midland"},"content":{"rendered":"\n<h6 class=\"wp-block-heading\"><strong>La instituci\u00f3n de Libertad inform\u00f3 en sus redes sociales sobre el hecho, dio a conocer el v\u00eddeo de las c\u00e1maras de seguridad, y resalt\u00f3 que esta persona ingres\u00f3 durante tres d\u00edas seguidos.<\/strong><\/h6>\n\n\n\n<p>El Club Atl\u00e9tico Ferrocarril Midland sufri\u00f3 otro hecho lamentable. En las \u00faltimas horas, la instituci\u00f3n de Libertad difundi\u00f3 en sus redes sociales los v\u00eddeos donde se puede ver a una persona encapuchada robando en el complejo. Adem\u00e1s, informaron que el delito fue cometido durante tres d\u00edas seguidos.<\/p>\n\n\n\n<p>A\u00fan se desconoce al autor del hecho, pero no es la primera vez que el Funebrero sufre este tipo de ataques. Durante 2024, y a\u00f1os anteriores tambi\u00e9n, el predio fue el blanco de varios intentos de robo y vandalismo.<\/p>\n\n\n\n<figure class=\"wp-block-embed is-type-wp-embed is-provider-sector-prensa wp-block-embed-sector-prensa\"><div class=\"wp-block-embed__wrapper\">\n<blockquote class=\"wp-embedded-content\" data-secret=\"F4nHPMIHCt\"><a href=\"https:\/\/sectorprensa.com.ar\/?p=69402\">Investigan la muerte de una mujer polic\u00eda en Merlo: \u00bfsuicidio o femicidio?<\/a><\/blockquote><iframe loading=\"lazy\" class=\"wp-embedded-content\" sandbox=\"allow-scripts\" security=\"restricted\" style=\"position: absolute; clip: rect(1px, 1px, 1px, 1px);\" title=\"\u00abInvestigan la muerte de una mujer polic\u00eda en Merlo: \u00bfsuicidio o femicidio?\u00bb \u2014 Sector Prensa\" src=\"https:\/\/sectorprensa.com.ar\/?p=69402&#038;embed=true#?secret=jFfGdnjGIv#?secret=F4nHPMIHCt\" data-secret=\"F4nHPMIHCt\" width=\"600\" height=\"338\" frameborder=\"0\" marginwidth=\"0\" marginheight=\"0\" scrolling=\"no\"><\/iframe>\n<\/div><\/figure>\n","protected":false},"excerpt":{"rendered":"<p>La instituci\u00f3n de Libertad inform\u00f3 en sus redes sociales sobre el hecho, dio a conocer el v\u00eddeo de las c\u00e1maras<\/p>\n","protected":false},"author":5,"featured_media":69445,"comment_status":"closed","ping_status":"closed","sticky":false,"template":"","format":"standard","meta":{"colormag_page_container_layout":"default_layout","colormag_page_sidebar_layout":"default_layout","footnotes":""},"categories":[17,7,12],"tags":[25,89,80],"class_list":["post-69444","post","type-post","status-publish","format-standard","has-post-thumbnail","hentry","category-destacadas","category-merlo","category-policiales","tag-merlo","tag-midland","tag-policiales"],"_links":{"self":[{"href":"https:\/\/sectorprensa.com.ar\/index.php?rest_route=\/wp\/v2\/posts\/69444","targetHints":{"allow":["GET"]}}],"collection":[{"href":"https:\/\/sectorprensa.com.ar\/index.php?rest_route=\/wp\/v2\/posts"}],"about":[{"href":"https:\/\/sectorprensa.com.ar\/index.php?rest_route=\/wp\/v2\/types\/post"}],"author":[{"embeddable":true,"href":"https:\/\/sectorprensa.com.ar\/index.php?rest_route=\/wp\/v2\/users\/5"}],"replies":[{"embeddable":true,"href":"https:\/\/sectorprensa.com.ar\/index.php?rest_route=%2Fwp%2Fv2%2Fcomments&post=69444"}],"version-history":[{"count":1,"href":"https:\/\/sectorprensa.com.ar\/index.php?rest_route=\/wp\/v2\/posts\/69444\/revisions"}],"predecessor-version":[{"id":69446,"href":"https:\/\/sectorprensa.com.ar\/index.php?rest_route=\/wp\/v2\/posts\/69444\/revisions\/69446"}],"wp:featuredmedia":[{"embeddable":true,"href":"https:\/\/sectorprensa.com.ar\/index.php?rest_route=\/wp\/v2\/media\/69445"}],"wp:attachment":[{"href":"https:\/\/sectorprensa.com.ar\/index.php?rest_route=%2Fwp%2Fv2%2Fmedia&parent=69444"}],"wp:term":[{"taxonomy":"category","embeddable":true,"href":"https:\/\/sectorprensa.com.ar\/index.php?rest_route=%2Fwp%2Fv2%2Fcategories&post=69444"},{"taxonomy":"post_tag","embeddable":true,"href":"https:\/\/sectorprensa.com.ar\/index.php?rest_route=%2Fwp%2Fv2%2Ftags&post=69444"}],"curies":[{"name":"wp","href":"https:\/\/api.w.org\/{rel}","templated":true}]}}