{"id":69677,"date":"2025-01-16T18:30:11","date_gmt":"2025-01-16T21:30:11","guid":{"rendered":"https:\/\/sectorprensa.com.ar\/?p=69677"},"modified":"2025-01-16T18:30:12","modified_gmt":"2025-01-16T21:30:12","slug":"cristina-al-banco-central-por-mantener-la-tasa-de-interes-arrugaron-y-no-se-animaron","status":"publish","type":"post","link":"https:\/\/sectorprensa.com.ar\/?p=69677","title":{"rendered":"Cristina al Banco Central por mantener la tasa de inter\u00e9s: \u00abArrugaron y no se animaron\u00bb"},"content":{"rendered":"\n<h6 class=\"wp-block-heading\"><strong>La Presidenta del Partido Justicialista carg\u00f3 contra el Banco Central debido a que la tasa de inter\u00e9s nominal anual se mantendr\u00e1 en un 32%. \u00abLarga vida al carry trade\u00bb, dijo la ex mandataria nacional.<\/strong><\/h6>\n\n\n\n<p>Luego de conocerse el 2,7% de inflaci\u00f3n en diciembre de 2024, el Banco Central de la Rep\u00fablica Argentina anunci\u00f3 que mantendr\u00e1 su tasa de inter\u00e9s anual en un 32%. Esta situaci\u00f3n gener\u00f3 la cr\u00edtica de la Presidenta del Partido Justicialista, Cristina Fern\u00e1ndez de Kirchner, quien apunt\u00f3 contra el mismo.<\/p>\n\n\n\n<p>En su cuenta oficial de X, ex Twitter, Fern\u00e1ndez de Kirchner public\u00f3: \u00abArrugaron. No se animaron por temor al desarme de posiciones en pesos. Larga vida al carry trade\u00bb.<\/p>\n\n\n\n<p>El BCRA redujo el ritmo de devaluaci\u00f3n del d\u00f3lar oficial mayorista 2% al 1% mensual desde el 1 de febrero de este a\u00f1o.<\/p>\n\n\n\n<figure class=\"wp-block-embed is-type-wp-embed is-provider-sector-prensa wp-block-embed-sector-prensa\"><div class=\"wp-block-embed__wrapper\">\n<blockquote class=\"wp-embedded-content\" data-secret=\"eUA0j9N6Um\"><a href=\"https:\/\/sectorprensa.com.ar\/?p=69611\">Milei confirm\u00f3 la reducci\u00f3n del 26,8% en el gasto p\u00fablico durante su primer a\u00f1o<\/a><\/blockquote><iframe loading=\"lazy\" class=\"wp-embedded-content\" sandbox=\"allow-scripts\" security=\"restricted\" style=\"position: absolute; clip: rect(1px, 1px, 1px, 1px);\" title=\"\u00abMilei confirm\u00f3 la reducci\u00f3n del 26,8% en el gasto p\u00fablico durante su primer a\u00f1o\u00bb \u2014 Sector Prensa\" src=\"https:\/\/sectorprensa.com.ar\/?p=69611&#038;embed=true#?secret=RK6w7Pwz2d#?secret=eUA0j9N6Um\" data-secret=\"eUA0j9N6Um\" width=\"600\" height=\"338\" frameborder=\"0\" marginwidth=\"0\" marginheight=\"0\" scrolling=\"no\"><\/iframe>\n<\/div><\/figure>\n","protected":false},"excerpt":{"rendered":"<p>La Presidenta del Partido Justicialista carg\u00f3 contra el Banco Central debido a que la tasa de inter\u00e9s nominal anual se<\/p>\n","protected":false},"author":5,"featured_media":69678,"comment_status":"closed","ping_status":"closed","sticky":false,"template":"","format":"standard","meta":{"colormag_page_container_layout":"default_layout","colormag_page_sidebar_layout":"default_layout","footnotes":""},"categories":[17,8],"tags":[4031,6851],"class_list":["post-69677","post","type-post","status-publish","format-standard","has-post-thumbnail","hentry","category-destacadas","category-politica","tag-banco-central","tag-cristina-fernandez-de-kirchner-2"],"_links":{"self":[{"href":"https:\/\/sectorprensa.com.ar\/index.php?rest_route=\/wp\/v2\/posts\/69677","targetHints":{"allow":["GET"]}}],"collection":[{"href":"https:\/\/sectorprensa.com.ar\/index.php?rest_route=\/wp\/v2\/posts"}],"about":[{"href":"https:\/\/sectorprensa.com.ar\/index.php?rest_route=\/wp\/v2\/types\/post"}],"author":[{"embeddable":true,"href":"https:\/\/sectorprensa.com.ar\/index.php?rest_route=\/wp\/v2\/users\/5"}],"replies":[{"embeddable":true,"href":"https:\/\/sectorprensa.com.ar\/index.php?rest_route=%2Fwp%2Fv2%2Fcomments&post=69677"}],"version-history":[{"count":1,"href":"https:\/\/sectorprensa.com.ar\/index.php?rest_route=\/wp\/v2\/posts\/69677\/revisions"}],"predecessor-version":[{"id":69679,"href":"https:\/\/sectorprensa.com.ar\/index.php?rest_route=\/wp\/v2\/posts\/69677\/revisions\/69679"}],"wp:featuredmedia":[{"embeddable":true,"href":"https:\/\/sectorprensa.com.ar\/index.php?rest_route=\/wp\/v2\/media\/69678"}],"wp:attachment":[{"href":"https:\/\/sectorprensa.com.ar\/index.php?rest_route=%2Fwp%2Fv2%2Fmedia&parent=69677"}],"wp:term":[{"taxonomy":"category","embeddable":true,"href":"https:\/\/sectorprensa.com.ar\/index.php?rest_route=%2Fwp%2Fv2%2Fcategories&post=69677"},{"taxonomy":"post_tag","embeddable":true,"href":"https:\/\/sectorprensa.com.ar\/index.php?rest_route=%2Fwp%2Fv2%2Ftags&post=69677"}],"curies":[{"name":"wp","href":"https:\/\/api.w.org\/{rel}","templated":true}]}}