{"id":69745,"date":"2025-01-19T15:26:13","date_gmt":"2025-01-19T18:26:13","guid":{"rendered":"https:\/\/sectorprensa.com.ar\/?p=69745"},"modified":"2025-01-19T15:26:15","modified_gmt":"2025-01-19T18:26:15","slug":"el-gobierno-auditara-mas-de-un-millon-de-pensiones-por-invalidez","status":"publish","type":"post","link":"https:\/\/sectorprensa.com.ar\/?p=69745","title":{"rendered":"El gobierno auditar\u00e1 m\u00e1s de un mill\u00f3n de pensiones por invalidez"},"content":{"rendered":"\n<h6 class=\"wp-block-heading\"><strong>La Agencia Nacional de Discapacidad y PAMI llevar\u00e1n a cabo entrevistas presenciales debido a las irregularidades encontradas en beneficiarios.<\/strong><\/h6>\n\n\n\n<p>El gobierno nacional anunci\u00f3 que auditar\u00e1 m\u00e1s de un mill\u00f3n de pensiones por invalidez debido a que en las anteriores se detectaron irregularidades, el 80% de los beneficiarios no cumpl\u00eda con los requisitos. La misma ser\u00e1 llevada a cabo por la Agencia Nacional de Discapacidad (ANDIS) y PAMI, quienes dar\u00e1n de baja a las personas que no cumplan lo establecido.<\/p>\n\n\n\n<p>De acuerdo a la \u00faltima auditor\u00eda, realizada en noviembre de 2024, un gran n\u00famero de personas no padec\u00eda tener las afecciones que especificaron. El beneficio fue interrumpido para 212 personas que se encontraban en la c\u00e1rcel y 150 fallecidos.<\/p>\n\n\n\n<p>\u00abLa normativa est\u00e1 nutrida de los baremos previamente confeccionados por expertos en medicina legal-laboral y en cada una de las especialidades y conocimiento de campo tanto en la valoraci\u00f3n pericial del da\u00f1o como en la evaluaci\u00f3n de las condiciones de salud de los solicitantes de pensiones no contributivas, a lo largo de todo el pa\u00eds\u00bb, explicaron desde el gobierno.<\/p>\n\n\n\n<figure class=\"wp-block-embed is-type-wp-embed is-provider-sector-prensa wp-block-embed-sector-prensa\"><div class=\"wp-block-embed__wrapper\">\n<blockquote class=\"wp-embedded-content\" data-secret=\"SFCUDeAIRu\"><a href=\"https:\/\/sectorprensa.com.ar\/?p=69712\">Javier Milei firm\u00f3 el proyecto de Ficha Limpia<\/a><\/blockquote><iframe loading=\"lazy\" class=\"wp-embedded-content\" sandbox=\"allow-scripts\" security=\"restricted\" style=\"position: absolute; clip: rect(1px, 1px, 1px, 1px);\" title=\"\u00abJavier Milei firm\u00f3 el proyecto de Ficha Limpia\u00bb \u2014 Sector Prensa\" src=\"https:\/\/sectorprensa.com.ar\/?p=69712&#038;embed=true#?secret=KJBmcIWyYm#?secret=SFCUDeAIRu\" data-secret=\"SFCUDeAIRu\" width=\"600\" height=\"338\" frameborder=\"0\" marginwidth=\"0\" marginheight=\"0\" scrolling=\"no\"><\/iframe>\n<\/div><\/figure>\n","protected":false},"excerpt":{"rendered":"<p>La Agencia Nacional de Discapacidad y PAMI llevar\u00e1n a cabo entrevistas presenciales debido a las irregularidades encontradas en beneficiarios. El<\/p>\n","protected":false},"author":5,"featured_media":69746,"comment_status":"closed","ping_status":"closed","sticky":false,"template":"","format":"standard","meta":{"colormag_page_container_layout":"default_layout","colormag_page_sidebar_layout":"default_layout","footnotes":""},"categories":[6828,8],"tags":[7289,9341],"class_list":["post-69745","post","type-post","status-publish","format-standard","has-post-thumbnail","hentry","category-mas-destacadas","category-politica","tag-andis","tag-pensiones-por-invalidez"],"_links":{"self":[{"href":"https:\/\/sectorprensa.com.ar\/index.php?rest_route=\/wp\/v2\/posts\/69745","targetHints":{"allow":["GET"]}}],"collection":[{"href":"https:\/\/sectorprensa.com.ar\/index.php?rest_route=\/wp\/v2\/posts"}],"about":[{"href":"https:\/\/sectorprensa.com.ar\/index.php?rest_route=\/wp\/v2\/types\/post"}],"author":[{"embeddable":true,"href":"https:\/\/sectorprensa.com.ar\/index.php?rest_route=\/wp\/v2\/users\/5"}],"replies":[{"embeddable":true,"href":"https:\/\/sectorprensa.com.ar\/index.php?rest_route=%2Fwp%2Fv2%2Fcomments&post=69745"}],"version-history":[{"count":1,"href":"https:\/\/sectorprensa.com.ar\/index.php?rest_route=\/wp\/v2\/posts\/69745\/revisions"}],"predecessor-version":[{"id":69747,"href":"https:\/\/sectorprensa.com.ar\/index.php?rest_route=\/wp\/v2\/posts\/69745\/revisions\/69747"}],"wp:featuredmedia":[{"embeddable":true,"href":"https:\/\/sectorprensa.com.ar\/index.php?rest_route=\/wp\/v2\/media\/69746"}],"wp:attachment":[{"href":"https:\/\/sectorprensa.com.ar\/index.php?rest_route=%2Fwp%2Fv2%2Fmedia&parent=69745"}],"wp:term":[{"taxonomy":"category","embeddable":true,"href":"https:\/\/sectorprensa.com.ar\/index.php?rest_route=%2Fwp%2Fv2%2Fcategories&post=69745"},{"taxonomy":"post_tag","embeddable":true,"href":"https:\/\/sectorprensa.com.ar\/index.php?rest_route=%2Fwp%2Fv2%2Ftags&post=69745"}],"curies":[{"name":"wp","href":"https:\/\/api.w.org\/{rel}","templated":true}]}}