{"id":69749,"date":"2025-01-19T21:52:55","date_gmt":"2025-01-20T00:52:55","guid":{"rendered":"https:\/\/sectorprensa.com.ar\/?p=69749"},"modified":"2025-01-19T21:52:55","modified_gmt":"2025-01-20T00:52:55","slug":"milei-mantuvo-una-reunion-con-la-titular-del-fmi","status":"publish","type":"post","link":"https:\/\/sectorprensa.com.ar\/?p=69749","title":{"rendered":"Milei mantuvo una reuni\u00f3n con la titular del FMI"},"content":{"rendered":"\n<h6 class=\"wp-block-heading\"><strong>El Presidente se reuni\u00f3 con Kristalina Georgieva, quien destac\u00f3 las pol\u00edticas implementadas por el gobierno del libertario. \u00abEstamos trabajando en un nuevo programa para apoyar una econom\u00eda vibrante\u00bb, dijo la titular del organismo.<\/strong><\/h6>\n\n\n\n<p>El Presidente Javier Milei y Kristalina Georgieva, titular del Fondo Monetario Internacional, mantuvieron una reuni\u00f3n donde dialogaron acerca de las medidas implementadas en Argentina. Ambos destacaron que el encuentro fue \u00abexcelente\u00bb y la directora gerenta del organismo enfatiz\u00f3 que las pol\u00edticas del gobierno establecieron \u00abla eliminaci\u00f3n del d\u00e9ficit fiscal y reducci\u00f3n de la inflaci\u00f3n\u00bb.<\/p>\n\n\n\n<p>Luego del c\u00f3nclave, Georgieva detall\u00f3: \u00abEstamos trabajando en un nuevo programa para apoyar una econom\u00eda vibrante para la prosperidad del pueblo argentino\u00bb.<\/p>\n\n\n\n<p>Adem\u00e1s, dijo que \u00abdiscutimos el progreso de nuestra cooperaci\u00f3n\u00bb y que \u00abla semana que viene vamos a viajar a Buenos Aires\u00bb con el fin de acordar un nuevo programa.<\/p>\n\n\n\n<p>\u00abDefinitivamente. Cuando miras los datos, en todos los indicadores, Argentina est\u00e1 superando lo que anticipamos hace un par de meses. Est\u00e1 superando los avances en la reducci\u00f3n de la inflacci\u00f3n, tan importante para la gente porque la inflaci\u00f3n es un impuesto que golpea m\u00e1s duramente a los m\u00e1s pobres\u00bb, concluy\u00f3.<\/p>\n\n\n\n<figure class=\"wp-block-embed is-type-wp-embed is-provider-sector-prensa wp-block-embed-sector-prensa\"><div class=\"wp-block-embed__wrapper\">\n<blockquote class=\"wp-embedded-content\" data-secret=\"4lmYRo51kd\"><a href=\"https:\/\/sectorprensa.com.ar\/?p=69677\">Cristina al Banco Central por mantener la tasa de inter\u00e9s: \u00abArrugaron y no se animaron\u00bb<\/a><\/blockquote><iframe loading=\"lazy\" class=\"wp-embedded-content\" sandbox=\"allow-scripts\" security=\"restricted\" style=\"position: absolute; clip: rect(1px, 1px, 1px, 1px);\" title=\"\u00abCristina al Banco Central por mantener la tasa de inter\u00e9s: \u00abArrugaron y no se animaron\u00bb\u00bb \u2014 Sector Prensa\" src=\"https:\/\/sectorprensa.com.ar\/?p=69677&#038;embed=true#?secret=ZrNMzTnwa0#?secret=4lmYRo51kd\" data-secret=\"4lmYRo51kd\" width=\"600\" height=\"338\" frameborder=\"0\" marginwidth=\"0\" marginheight=\"0\" scrolling=\"no\"><\/iframe>\n<\/div><\/figure>\n","protected":false},"excerpt":{"rendered":"<p>El Presidente se reuni\u00f3 con Kristalina Georgieva, quien destac\u00f3 las pol\u00edticas implementadas por el gobierno del libertario. \u00abEstamos trabajando en<\/p>\n","protected":false},"author":5,"featured_media":69750,"comment_status":"closed","ping_status":"closed","sticky":false,"template":"","format":"standard","meta":{"colormag_page_container_layout":"default_layout","colormag_page_sidebar_layout":"default_layout","footnotes":""},"categories":[17,8],"tags":[6221,9330],"class_list":["post-69749","post","type-post","status-publish","format-standard","has-post-thumbnail","hentry","category-destacadas","category-politica","tag-javier-milei","tag-kristalina-georgieva"],"_links":{"self":[{"href":"https:\/\/sectorprensa.com.ar\/index.php?rest_route=\/wp\/v2\/posts\/69749","targetHints":{"allow":["GET"]}}],"collection":[{"href":"https:\/\/sectorprensa.com.ar\/index.php?rest_route=\/wp\/v2\/posts"}],"about":[{"href":"https:\/\/sectorprensa.com.ar\/index.php?rest_route=\/wp\/v2\/types\/post"}],"author":[{"embeddable":true,"href":"https:\/\/sectorprensa.com.ar\/index.php?rest_route=\/wp\/v2\/users\/5"}],"replies":[{"embeddable":true,"href":"https:\/\/sectorprensa.com.ar\/index.php?rest_route=%2Fwp%2Fv2%2Fcomments&post=69749"}],"version-history":[{"count":1,"href":"https:\/\/sectorprensa.com.ar\/index.php?rest_route=\/wp\/v2\/posts\/69749\/revisions"}],"predecessor-version":[{"id":69751,"href":"https:\/\/sectorprensa.com.ar\/index.php?rest_route=\/wp\/v2\/posts\/69749\/revisions\/69751"}],"wp:featuredmedia":[{"embeddable":true,"href":"https:\/\/sectorprensa.com.ar\/index.php?rest_route=\/wp\/v2\/media\/69750"}],"wp:attachment":[{"href":"https:\/\/sectorprensa.com.ar\/index.php?rest_route=%2Fwp%2Fv2%2Fmedia&parent=69749"}],"wp:term":[{"taxonomy":"category","embeddable":true,"href":"https:\/\/sectorprensa.com.ar\/index.php?rest_route=%2Fwp%2Fv2%2Fcategories&post=69749"},{"taxonomy":"post_tag","embeddable":true,"href":"https:\/\/sectorprensa.com.ar\/index.php?rest_route=%2Fwp%2Fv2%2Ftags&post=69749"}],"curies":[{"name":"wp","href":"https:\/\/api.w.org\/{rel}","templated":true}]}}